{"id":91962,"date":"2025-09-29T18:30:13","date_gmt":"2025-09-29T18:30:13","guid":{"rendered":"https:\/\/www.europesays.com\/pt\/91962\/"},"modified":"2025-09-29T18:30:13","modified_gmt":"2025-09-29T18:30:13","slug":"livros-vao-reunir-todos-os-jogos-jogadores-e-camisas-da-historia-do-corinthians","status":"publish","type":"post","link":"https:\/\/www.europesays.com\/pt\/91962\/","title":{"rendered":"Livros v\u00e3o reunir todos os jogos, jogadores e camisas da hist\u00f3ria do Corinthians"},"content":{"rendered":"<p>Uma cole\u00e7\u00e3o com tr\u00eas <a href=\"https:\/\/platobr.com.br\/tag\/livros\" target=\"_blank\" rel=\"noopener nofollow\">livros<\/a> pretende esmiu\u00e7ar a centen\u00e1ria hist\u00f3ria do Corinthians, registrando dados, resultados e estat\u00edsticas de todos os seus jogos desde a funda\u00e7\u00e3o, em 1910, todos os jogadores que j\u00e1 atuaram pelo clube e todas as camisas usadas pelo time.<\/p>\n<p>O \u00e1rduo trabalho de documenta\u00e7\u00e3o e pesquisa da cole\u00e7\u00e3o \u201cTodo Corinthians\u201d ficar\u00e1 a cargo do jornalista <a href=\"https:\/\/x.com\/celsounz\" target=\"_blank\" rel=\"noopener nofollow\">Celso Unzelte<\/a>, um dos maiores estudiosos da hist\u00f3ria corintiana, a dire\u00e7\u00e3o geral ser\u00e1 de Fernando Nitsch e a curadoria, de C\u00e1ssio Brand\u00e3o.<\/p>\n<p>A cole\u00e7\u00e3o ter\u00e1 um primeiro volume com todos os jogos do clube em mais de cem anos, incluindo fichas t\u00e9cnicas completas e informa\u00e7\u00f5es como datas, competi\u00e7\u00f5es, est\u00e1dios, \u00e1rbitros, escala\u00e7\u00f5es e s\u00famulas. Reportagens v\u00e3o contextualizar per\u00edodos importantes da hist\u00f3ria do time com dados e hist\u00f3rias.<\/p>\n<p>O segundo volume, sobre as camisas do Corinthians, trar\u00e1 ilustra\u00e7\u00f5es t\u00e9cnicas e verbetes com detalhes sobre design, cores, materiais, fornecedores, patroc\u00ednios e tipografias, al\u00e9m do contexto hist\u00f3rico de cada um dos modelos, suas partidas marcantes, t\u00edtulos e jogadores que os vestiram.<\/p>\n<p>O terceiro volume, \u201cTodos os jogadores do Corinthians\u201d, vai compilar perfis biogr\u00e1ficos e estat\u00edsticos dos atletas que j\u00e1 atuaram oficialmente pelo clube paulista, com dados de jogos, gols, assist\u00eancias e t\u00edtulos.<\/p>\n","protected":false},"excerpt":{"rendered":"Uma cole\u00e7\u00e3o com tr\u00eas livros pretende esmiu\u00e7ar a centen\u00e1ria hist\u00f3ria do Corinthians, registrando dados, resultados e estat\u00edsticas de&hellip;\n","protected":false},"author":2,"featured_media":91963,"comment_status":"","ping_status":"","sticky":false,"template":"","format":"standard","meta":{"footnotes":""},"categories":[143],"tags":[169,114,115,170,32,33],"class_list":{"0":"post-91962","1":"post","2":"type-post","3":"status-publish","4":"format-standard","5":"has-post-thumbnail","7":"category-livros","8":"tag-books","9":"tag-entertainment","10":"tag-entretenimento","11":"tag-livros","12":"tag-portugal","13":"tag-pt"},"share_on_mastodon":{"url":"","error":""},"_links":{"self":[{"href":"https:\/\/www.europesays.com\/pt\/wp-json\/wp\/v2\/posts\/91962","targetHints":{"allow":["GET"]}}],"collection":[{"href":"https:\/\/www.europesays.com\/pt\/wp-json\/wp\/v2\/posts"}],"about":[{"href":"https:\/\/www.europesays.com\/pt\/wp-json\/wp\/v2\/types\/post"}],"author":[{"embeddable":true,"href":"https:\/\/www.europesays.com\/pt\/wp-json\/wp\/v2\/users\/2"}],"replies":[{"embeddable":true,"href":"https:\/\/www.europesays.com\/pt\/wp-json\/wp\/v2\/comments?post=91962"}],"version-history":[{"count":0,"href":"https:\/\/www.europesays.com\/pt\/wp-json\/wp\/v2\/posts\/91962\/revisions"}],"wp:featuredmedia":[{"embeddable":true,"href":"https:\/\/www.europesays.com\/pt\/wp-json\/wp\/v2\/media\/91963"}],"wp:attachment":[{"href":"https:\/\/www.europesays.com\/pt\/wp-json\/wp\/v2\/media?parent=91962"}],"wp:term":[{"taxonomy":"category","embeddable":true,"href":"https:\/\/www.europesays.com\/pt\/wp-json\/wp\/v2\/categories?post=91962"},{"taxonomy":"post_tag","embeddable":true,"href":"https:\/\/www.europesays.com\/pt\/wp-json\/wp\/v2\/tags?post=91962"}],"curies":[{"name":"wp","href":"https:\/\/api.w.org\/{rel}","templated":true}]}}