{"id":91996,"date":"2025-09-29T18:53:15","date_gmt":"2025-09-29T18:53:15","guid":{"rendered":"https:\/\/www.europesays.com\/pt\/91996\/"},"modified":"2025-09-29T18:53:15","modified_gmt":"2025-09-29T18:53:15","slug":"lavrov-diz-que-a-russia-esta-numa-guerra-real-com-a-nato-e-a-ue","status":"publish","type":"post","link":"https:\/\/www.europesays.com\/pt\/91996\/","title":{"rendered":"Lavrov diz que a R\u00fassia est\u00e1 numa &#8220;guerra real&#8221; com a NATO e a UE"},"content":{"rendered":"<p class=\"wp-caption-text top\"><a href=\"https:\/\/www.flickr.com\/photos\/unisgeneva\/9733282793\/sizes\/o\/\" rel=\"nofollow external noopener noreferrer\" data-wpel-link=\"external\" target=\"_blank\" class=\"ext-link\">UN Geneva \/ Flickr <\/a><\/p>\n<p><img decoding=\"async\" loading=\"lazy\" class=\"size-kopa-image-size-3 wp-image-702984\" src=\"https:\/\/www.europesays.com\/pt\/wp-content\/uploads\/2025\/09\/0fa3e1cd68ab4357898579ac745e5a63-783x450.jpg\" alt=\"\" width=\"700\" height=\"402\"  \/><\/p>\n<p class=\"wp-caption-text bot\">Sergey Lavrov, ministro dos Neg\u00f3cios Estrangeiros da R\u00fassia<\/p>\n<p><strong>Depois de ter alertado na quinta-feira que a R\u00fassia responderia de forma \u201cdecisiva\u201d a qualquer agress\u00e3o da NATO em espa\u00e7o a\u00e9reo russo, o chefe da diplomacia de Moscovo afirmou que a Alian\u00e7a Atl\u00e2ntica e a UE j\u00e1 declararam uma guerra real ao seu pa\u00eds \u2014 e est\u00e3o a participar diretamente nela.<\/strong><\/p>\n<p>O ministro dos Neg\u00f3cios Estrangeiros da R\u00fassia, <strong>Sergey Lavrov<\/strong>, sugeriu que o seu pa\u00eds <strong>est\u00e1 em \u201cguerra\u201d com a NATO<\/strong> e a Uni\u00e3o Europeia devido \u00e0 Ucr\u00e2nia.<\/p>\n<p>\u201cA NATO e a Uni\u00e3o Europeia querem declarar, <strong>de facto, j\u00e1 declararam<\/strong> uma guerra real ao meu pa\u00eds e est\u00e3o a participar diretamente nela\u201d, disse Lavrov em coment\u00e1rios traduzidos pela TASS, a ag\u00eancia de comunica\u00e7\u00e3o social estatal russa, numa confer\u00eancia ministerial do G20 \u00e0 margem da Assembleia Geral da ONU em Nova Iorque.<\/p>\n<p>Os seus coment\u00e1rios surgem apenas alguns dias depois de<strong> Donald Trump<\/strong>, logo ap\u00f3s um encontro com o Presidente ucraniano <strong>Volodymyr Zelenskyy<\/strong>, ter recuado na sua press\u00e3o para que os dois pa\u00edses encontrassem uma solu\u00e7\u00e3o diplom\u00e1tica para o conflito, nota o <a href=\"https:\/\/www.politico.com\/news\/2025\/09\/25\/russia-nato-eu-ukraine-war-00581261\" data-wpel-link=\"external\" target=\"_blank\" rel=\"nofollow external noopener noreferrer\" class=\"ext-link\">Politico<\/a>.<\/p>\n<p>Na semana passada, Donald Trump proclamou enfaticamente a sua convic\u00e7\u00e3o de que<strong> Kiev poderia vencer a guerra \u2014 e reconquistar todo o seu territ\u00f3rio<\/strong>.<\/p>\n<p>\u201c<strong>Com tempo, paci\u00eancia e o apoio financeiro da Europa<\/strong> e, em particular, da NATO, as Fronteiras originais de onde esta Guerra come\u00e7ou, \u00e9 muito uma op\u00e7\u00e3o\u201d, escreveu Trump ter\u00e7a-feira no Truth Social. \u201c<strong>Porqu\u00ea n\u00e3o<\/strong>?\u201d<\/p>\n<p>O presidente norte-americano menorizou tamb\u00e9m o poderio militar da R\u00fassia, que comparou a um \u201ctigre de papel\u201d, express\u00e3o que se refere uma pessoa ou pa\u00eds que <strong>aparenta ser poderoso, amea\u00e7ador ou formid\u00e1vel,<\/strong> mas na realidade \u00e9 fraco, ineficaz ou sem subst\u00e2ncia real.<\/p>\n<p>\u201c<strong>A R\u00fassia tem estado a lutar sem rum<\/strong>o h\u00e1 tr\u00eas anos e meio numa Guerra que deveria ter levado um <strong>Verdadeiro Poder Militar<\/strong> menos de uma semana a vencer\u201d, referiu Trump.<\/p>\n<p>O presidente norte-americano tinha dito dias antes que <strong>quaisquer avi\u00f5es russos<\/strong> que violem o espa\u00e7o a\u00e9reo da NATO <a href=\"https:\/\/zap.aeiou.pt\/avioes-russos-espaco-nato-702238\" data-wpel-link=\"internal\" rel=\"nofollow noopener\" target=\"_blank\">s\u00e3o para abater<\/a>, numa clara mudan\u00e7a de ret\u00f3rica.<\/p>\n<p>Em resposta, Lavrov alertou este s\u00e1bado que <strong>qualquer agress\u00e3o contra Moscovo<\/strong> <a href=\"https:\/\/zap.aeiou.pt\/russia-promete-resposta-decisiva-a-provocacoes-702931\" data-wpel-link=\"internal\" rel=\"nofollow noopener\" target=\"_blank\">enfrentar\u00e1 uma \u201cresposta decisiva\u201d<\/a>, alertando contra tentativas de derrubar aeronaves <strong>no espa\u00e7o a\u00e9reo russo<\/strong>, e acusando a Alemanha de ret\u00f3rica militarista.<\/p>\n<p>A afirma\u00e7\u00e3o de Lavrov surgiu depois de nas \u00faltimas semanas o espa\u00e7o a\u00e9reo de v\u00e1rios pa\u00edses da NATO ter sido <strong>violado por incurs\u00f5es de drones russos<\/strong>. A Est\u00f3nia acusou Moscovo de ter <a href=\"https:\/\/zap.aeiou.pt\/cacas-russos-invadem-estonia-violacao-sem-precedentes-701668\" data-wpel-link=\"internal\" rel=\"nofollow noopener\" target=\"_blank\">enviado tr\u00eas ca\u00e7as MiG-31<\/a> que violaram o seu espa\u00e7o a\u00e9reo, e avi\u00f5es de guerra da NATO <strong>abateram drones russos <\/strong>sobre a Pol\u00f3nia.<\/p>\n<p>    <a href=\"https:\/\/zap.aeiou.pt\/subscrever-newsletter\" data-wpel-link=\"internal\" rel=\"nofollow noopener\" target=\"_blank\">&#13;<br \/>\n        <img loading=\"lazy\" decoding=\"async\" class=\"aligncenter size-full wp-image-575475\" src=\"https:\/\/www.europesays.com\/pt\/wp-content\/uploads\/2025\/09\/1759090329_652_2d51fe4a0ba54894421ead1809309ed9-1-450x140.jpg\" alt=\"Subscreva a Newsletter ZAP\" width=\"450\" height=\"140\"\/>&#13;<br \/>\n    <\/a><\/p>\n<p>                <a href=\"https:\/\/whatsapp.com\/channel\/0029VaIC4EE2f3EJZPPSbR34\" data-wpel-link=\"external\" target=\"_blank\" rel=\"nofollow external noopener noreferrer\" class=\"ext-link\">&#13;<br \/>\n                    <img loading=\"lazy\" decoding=\"async\" class=\"aligncenter size-full wp-image-575475\" src=\"https:\/\/www.europesays.com\/pt\/wp-content\/uploads\/2025\/09\/1759090329_836_c68c559d956d4ca20f435ed74a6e71e6.png\" alt=\"Siga-nos no WhatsApp\" width=\"175\" height=\"64\"\/>&#13;<br \/>\n                <\/a><\/p>\n<p>                <a href=\"https:\/\/news.google.com\/publications\/CAAiEHRwZondIV71PDjWNoqMduEqFAgKIhB0cGaJ3SFe9Tw41jaKjHbh?hl=en-US&amp;gl=US&amp;ceid=US%3Aen\" data-wpel-link=\"external\" target=\"_blank\" rel=\"nofollow external noopener noreferrer\" class=\"ext-link\">&#13;<br \/>\n                    <img loading=\"lazy\" decoding=\"async\" class=\"aligncenter size-full wp-image-575475\" src=\"https:\/\/www.europesays.com\/pt\/wp-content\/uploads\/2025\/09\/1759090330_921_5123dd8b087b644fdb8f8603acd1bad4.png\" alt=\"Siga-nos no Google News\" width=\"176\" height=\"64\"\/>&#13;<br \/>\n                <\/a><\/p>\n","protected":false},"excerpt":{"rendered":"UN Geneva \/ Flickr Sergey Lavrov, ministro dos Neg\u00f3cios Estrangeiros da R\u00fassia Depois de ter alertado na quinta-feira&hellip;\n","protected":false},"author":2,"featured_media":91997,"comment_status":"","ping_status":"","sticky":false,"template":"","format":"standard","meta":{"footnotes":""},"categories":[50],"tags":[1305,27,28,15624,413,15,16,830,14,25,26,21,22,62,3400,12,13,19,20,5300,23,24,839,17,18,840,29,30,31,636,63,64,65],"class_list":{"0":"post-91996","1":"post","2":"type-post","3":"status-publish","4":"format-standard","5":"has-post-thumbnail","7":"category-mundo","8":"tag-alemanha","9":"tag-breaking-news","10":"tag-breakingnews","11":"tag-estonia","12":"tag-eua","13":"tag-featured-news","14":"tag-featurednews","15":"tag-guerra","16":"tag-headlines","17":"tag-latest-news","18":"tag-latestnews","19":"tag-main-news","20":"tag-mainnews","21":"tag-mundo","22":"tag-nato","23":"tag-news","24":"tag-noticias","25":"tag-noticias-principais","26":"tag-noticiasprincipais","27":"tag-polonia","28":"tag-principais-noticias","29":"tag-principaisnoticias","30":"tag-russia","31":"tag-top-stories","32":"tag-topstories","33":"tag-ucrania","34":"tag-ultimas","35":"tag-ultimas-noticias","36":"tag-ultimasnoticias","37":"tag-uniao-europeia","38":"tag-world","39":"tag-world-news","40":"tag-worldnews"},"share_on_mastodon":{"url":"","error":""},"_links":{"self":[{"href":"https:\/\/www.europesays.com\/pt\/wp-json\/wp\/v2\/posts\/91996","targetHints":{"allow":["GET"]}}],"collection":[{"href":"https:\/\/www.europesays.com\/pt\/wp-json\/wp\/v2\/posts"}],"about":[{"href":"https:\/\/www.europesays.com\/pt\/wp-json\/wp\/v2\/types\/post"}],"author":[{"embeddable":true,"href":"https:\/\/www.europesays.com\/pt\/wp-json\/wp\/v2\/users\/2"}],"replies":[{"embeddable":true,"href":"https:\/\/www.europesays.com\/pt\/wp-json\/wp\/v2\/comments?post=91996"}],"version-history":[{"count":0,"href":"https:\/\/www.europesays.com\/pt\/wp-json\/wp\/v2\/posts\/91996\/revisions"}],"wp:featuredmedia":[{"embeddable":true,"href":"https:\/\/www.europesays.com\/pt\/wp-json\/wp\/v2\/media\/91997"}],"wp:attachment":[{"href":"https:\/\/www.europesays.com\/pt\/wp-json\/wp\/v2\/media?parent=91996"}],"wp:term":[{"taxonomy":"category","embeddable":true,"href":"https:\/\/www.europesays.com\/pt\/wp-json\/wp\/v2\/categories?post=91996"},{"taxonomy":"post_tag","embeddable":true,"href":"https:\/\/www.europesays.com\/pt\/wp-json\/wp\/v2\/tags?post=91996"}],"curies":[{"name":"wp","href":"https:\/\/api.w.org\/{rel}","templated":true}]}}