{"id":92039,"date":"2025-09-29T19:24:14","date_gmt":"2025-09-29T19:24:14","guid":{"rendered":"https:\/\/www.europesays.com\/pt\/92039\/"},"modified":"2025-09-29T19:24:14","modified_gmt":"2025-09-29T19:24:14","slug":"e-como-um-longo-adeus","status":"publish","type":"post","link":"https:\/\/www.europesays.com\/pt\/92039\/","title":{"rendered":"\u201c\u00c9 como um longo adeus\u201d"},"content":{"rendered":"<p><a href=\"https:\/\/www.correiodopovo.com.br\/arteagenda\/mulher-de-bruce-willis-diz-que-acidente-em-duro-de-matar-criou-problema-de-saude-para-o-ator-1.1648106\" target=\"_blank\" rel=\"nofollow noopener\"><strong>Emma Heming<\/strong><\/a>, esposa de <a href=\"https:\/\/www.correiodopovo.com.br\/arteagenda\/entenda-por-que-bruce-willis-e-a-mulher-decidiram-morar-em-casas-separadas-1.1643287\" target=\"_blank\" rel=\"nofollow noopener\"><strong>Bruce Willis<\/strong><\/a>, falou, em entrevista neste domingo, 28, a respeito da situa\u00e7\u00e3o do ator, que foi diagnosticado com <strong>dem\u00eancia frontotemporal<\/strong> h\u00e1 alguns anos, &#8220;Ouvi de diferentes neurologistas que esta \u00e9 a pior de todas as dem\u00eancias. No come\u00e7o, \u00e9 muito dif\u00edcil de identificar os sinais, porque eles v\u00eam aos poucos&#8221;, contou.<br \/>&#8220;\u00c9 como se fosse um longo adeus, uma jornada que progride lentamente. Com o tempo voc\u00ea percebe que precisar\u00e1 de mais ajuda e apoio&#8221;, disse. &#8220;\u00c9 uma doen\u00e7a muito agressiva. Mas, no geral, acho que ele est\u00e1 se saindo muito bem&#8221;, complementou.<br \/>Emma tamb\u00e9m comentou sobre a decis\u00e3o de viver numa casa separada da do ator, e sobre buscar ajuda para os cuidados com ele.<br \/>&#8220;Eu nunca tinha lidado com algu\u00e9m com dem\u00eancia. Precisei de um tempo para assumir esse papel de cuidadora. No come\u00e7o, queria resolver tudo sozinha. Pensava: &#8216;O Bruce \u00e9 meu marido, s\u00f3 eu posso fazer isso&#8217;. Era resistente \u00e0 ideia de aceitar ajuda.&#8221;<br \/>&#8220;Quando a doen\u00e7a dele come\u00e7ou a evoluir, um neurologista alertou: &#8216;Cuidadores que n\u00e3o pedem ajuda e n\u00e3o cuidam de si mesmos podem morrer antes das pessoas que amam.&#8217; Ouvir isso foi um choque de realidade. Foi a\u00ed que entendi que pedir ajuda era ok&#8221;, contou.<\/p>\n<p>Veja Tamb\u00e9m<\/p>\n","protected":false},"excerpt":{"rendered":"Emma Heming, esposa de Bruce Willis, falou, em entrevista neste domingo, 28, a respeito da situa\u00e7\u00e3o do ator,&hellip;\n","protected":false},"author":2,"featured_media":92040,"comment_status":"","ping_status":"","sticky":false,"template":"","format":"standard","meta":{"footnotes":""},"categories":[145],"tags":[3428,5707,211,210,2041,22973,114,115,32,33],"class_list":{"0":"post-92039","1":"post","2":"type-post","3":"status-publish","4":"format-standard","5":"has-post-thumbnail","7":"category-celebridades","8":"tag-arte-agenda","9":"tag-bruce-willis","10":"tag-celebridades","11":"tag-celebrities","12":"tag-demencia","13":"tag-emma-heming-willis","14":"tag-entertainment","15":"tag-entretenimento","16":"tag-portugal","17":"tag-pt"},"share_on_mastodon":{"url":"","error":""},"_links":{"self":[{"href":"https:\/\/www.europesays.com\/pt\/wp-json\/wp\/v2\/posts\/92039","targetHints":{"allow":["GET"]}}],"collection":[{"href":"https:\/\/www.europesays.com\/pt\/wp-json\/wp\/v2\/posts"}],"about":[{"href":"https:\/\/www.europesays.com\/pt\/wp-json\/wp\/v2\/types\/post"}],"author":[{"embeddable":true,"href":"https:\/\/www.europesays.com\/pt\/wp-json\/wp\/v2\/users\/2"}],"replies":[{"embeddable":true,"href":"https:\/\/www.europesays.com\/pt\/wp-json\/wp\/v2\/comments?post=92039"}],"version-history":[{"count":0,"href":"https:\/\/www.europesays.com\/pt\/wp-json\/wp\/v2\/posts\/92039\/revisions"}],"wp:featuredmedia":[{"embeddable":true,"href":"https:\/\/www.europesays.com\/pt\/wp-json\/wp\/v2\/media\/92040"}],"wp:attachment":[{"href":"https:\/\/www.europesays.com\/pt\/wp-json\/wp\/v2\/media?parent=92039"}],"wp:term":[{"taxonomy":"category","embeddable":true,"href":"https:\/\/www.europesays.com\/pt\/wp-json\/wp\/v2\/categories?post=92039"},{"taxonomy":"post_tag","embeddable":true,"href":"https:\/\/www.europesays.com\/pt\/wp-json\/wp\/v2\/tags?post=92039"}],"curies":[{"name":"wp","href":"https:\/\/api.w.org\/{rel}","templated":true}]}}