{"id":92110,"date":"2025-09-29T20:23:16","date_gmt":"2025-09-29T20:23:16","guid":{"rendered":"https:\/\/www.europesays.com\/pt\/92110\/"},"modified":"2025-09-29T20:23:16","modified_gmt":"2025-09-29T20:23:16","slug":"salao-de-negocios-da-abdl-2026-sera-em-natal-rn","status":"publish","type":"post","link":"https:\/\/www.europesays.com\/pt\/92110\/","title":{"rendered":"Sal\u00e3o de Neg\u00f3cios da ABDL 2026 ser\u00e1 em Natal (RN)"},"content":{"rendered":"<p>Evento \u00e9 oportunidade para editoras que querem diversificar canais de venda, abrirem novos clientes e ampliarem a distribui\u00e7\u00e3o de seus livros pelo Brasil<\/p>\n<p><img decoding=\"async\" src=\"https:\/\/www.europesays.com\/pt\/wp-content\/uploads\/2025\/09\/IpktNkEMar1RIlBYQCqNgx7SX2hmgU0exMEnVqrLalQA3u662BKGtQ4bRShIHl4CdOzAUBB8nf1U8OGW.jpg\" alt=\"Sal\u00e3o de conven\u00e7\u00f5es do Praiamar Hotel em Natal (RN) | \u00a9 Praiamar Hotel\" title=\"Sal\u00e3o de conven\u00e7\u00f5es do Praiamar Hotel em Natal (RN) | \u00a9 Praiamar Hotel\" \/><\/p>\n<p>Sal\u00e3o de conven\u00e7\u00f5es do Praiamar Hotel em Natal (RN) | \u00a9 Praiamar Hotel<\/p>\n<p>A 23\u00aa edi\u00e7\u00e3o do tradicional <strong><a href=\"https:\/\/www.publishnews.com.br\/etiquetas\/salao-de-negocios-da-abdl\" target=\"_blank\" rel=\"nofollow noopener\">Sal\u00e3o de Neg\u00f3cios da ABDL<\/a><\/strong> (Associa\u00e7\u00e3o Brasileira de Difus\u00e3o do Livro) ser\u00e1 realizado de 9 a 14 de mar\u00e7o de 2026, na cidade de Natal (RN), no Hotel Praia Mar. <\/p>\n<p>Consolidado como um dos maiores eventos de neg\u00f3cios entre empresas do setor editorial brasileiro, o Sal\u00e3o de Neg\u00f3cios da <strong>ABDL<\/strong> \u00e9 a grande oportunidade para editoras que querem diversificar canais de venda, abrirem novos clientes e ampliarem a distribui\u00e7\u00e3o de seus livros pelo Brasil.<\/p>\n<p>De acordo com a organiza\u00e7\u00e3o, o evento proporciona um ambiente ideal para a troca de experi\u00eancias, realiza\u00e7\u00e3o de neg\u00f3cios e networking entre editoras, varejistas, revendedores, gr\u00e1ficas, feirantes e outros profissionais do segmento.<\/p>\n<p>Pelo terceiro ano consecutivo \u00e0 frente da organiza\u00e7\u00e3o, Patr\u00edcia Amorim afirma: \u201cO Sal\u00e3o de Neg\u00f3cios 2026 j\u00e1 \u00e9 um sucesso! Nossa miss\u00e3o \u00e9 unir editoras, distribuidoras e varejistas de livros para desenvolverem novos neg\u00f3cios e aumentarem suas vendas de livros\u201d.<\/p>\n<p>Se voc\u00ea ainda n\u00e3o \u00e9 associado, entre em contato pelo e-mail abdl@abdl.com.br ou pelos telefones (11) 3337-7933 \/ (11) 95848-2098, e descubra as vantagens de fazer parte da associa\u00e7\u00e3o que promove o livro e a leitura pelo Brasil.<\/p>\n","protected":false},"excerpt":{"rendered":"Evento \u00e9 oportunidade para editoras que querem diversificar canais de venda, abrirem novos clientes e ampliarem a distribui\u00e7\u00e3o&hellip;\n","protected":false},"author":2,"featured_media":92111,"comment_status":"","ping_status":"","sticky":false,"template":"","format":"standard","meta":{"footnotes":""},"categories":[143],"tags":[868,877,867,169,869,872,873,880,114,115,874,870,875,878,879,864,876,237,871,170,865,866,13,32,33],"class_list":{"0":"post-92110","1":"post","2":"type-post","3":"status-publish","4":"format-standard","5":"has-post-thumbnail","7":"category-livros","8":"tag-best-seller","9":"tag-biblioteca","10":"tag-bienal-do-livro","11":"tag-books","12":"tag-clipping","13":"tag-e-book","14":"tag-ebook","15":"tag-editora","16":"tag-entertainment","17":"tag-entretenimento","18":"tag-escritor","19":"tag-eventos","20":"tag-festival-literario","21":"tag-lancamentos","22":"tag-leitura","23":"tag-literatura","24":"tag-livraria","25":"tag-livro","26":"tag-livro-digital","27":"tag-livros","28":"tag-mercado-editorial","29":"tag-mercado-livreiro","30":"tag-noticias","31":"tag-portugal","32":"tag-pt"},"share_on_mastodon":{"url":"","error":""},"_links":{"self":[{"href":"https:\/\/www.europesays.com\/pt\/wp-json\/wp\/v2\/posts\/92110","targetHints":{"allow":["GET"]}}],"collection":[{"href":"https:\/\/www.europesays.com\/pt\/wp-json\/wp\/v2\/posts"}],"about":[{"href":"https:\/\/www.europesays.com\/pt\/wp-json\/wp\/v2\/types\/post"}],"author":[{"embeddable":true,"href":"https:\/\/www.europesays.com\/pt\/wp-json\/wp\/v2\/users\/2"}],"replies":[{"embeddable":true,"href":"https:\/\/www.europesays.com\/pt\/wp-json\/wp\/v2\/comments?post=92110"}],"version-history":[{"count":0,"href":"https:\/\/www.europesays.com\/pt\/wp-json\/wp\/v2\/posts\/92110\/revisions"}],"wp:featuredmedia":[{"embeddable":true,"href":"https:\/\/www.europesays.com\/pt\/wp-json\/wp\/v2\/media\/92111"}],"wp:attachment":[{"href":"https:\/\/www.europesays.com\/pt\/wp-json\/wp\/v2\/media?parent=92110"}],"wp:term":[{"taxonomy":"category","embeddable":true,"href":"https:\/\/www.europesays.com\/pt\/wp-json\/wp\/v2\/categories?post=92110"},{"taxonomy":"post_tag","embeddable":true,"href":"https:\/\/www.europesays.com\/pt\/wp-json\/wp\/v2\/tags?post=92110"}],"curies":[{"name":"wp","href":"https:\/\/api.w.org\/{rel}","templated":true}]}}