{"id":92130,"date":"2025-09-29T20:37:07","date_gmt":"2025-09-29T20:37:07","guid":{"rendered":"https:\/\/www.europesays.com\/pt\/92130\/"},"modified":"2025-09-29T20:37:07","modified_gmt":"2025-09-29T20:37:07","slug":"procurador-regional-jose-pumes-e-semifinalista-do-premio-jabuti","status":"publish","type":"post","link":"https:\/\/www.europesays.com\/pt\/92130\/","title":{"rendered":"Procurador regional Jos\u00e9 Pumes \u00e9 semifinalista do Pr\u00eamio Jabuti"},"content":{"rendered":"<p>A Associa\u00e7\u00e3o Nacional dos Procuradores da Rep\u00fablica (ANPR) celebra a conquista do procurador regional da Rep\u00fablica Jos\u00e9 Osmar Pumes, que figura entre os dez semifinalistas da categoria Escritor Estreante do Pr\u00eamio Jabuti 2025. A lista de finalistas ser\u00e1 divulgada na pr\u00f3xima ter\u00e7a-feira (7).<\/p>\n<p>Autor do romance \u201cAs duas mortes de Maria\u201d, o associado traz \u00e0 literatura um olhar sens\u00edvel e contundente sobre a viol\u00eancia de g\u00eanero. \u201cEsse romance cumpre o seu papel de den\u00fancia dessas situa\u00e7\u00f5es e da necessidade de contar essa hist\u00f3ria\u201d, afirma. O projeto, adiado por muitos anos, ganhou for\u00e7a durante a pandemia, quando Pumes decidiu unir a paix\u00e3o liter\u00e1ria ao compromisso social.<\/p>\n<p>Um dos lan\u00e7amentos da obra ocorreu em 2024, na Feira do Livro de Porto Alegre, onde a m\u00e3e do autor e uma de suas maiores f\u00e3s, Gasparina Pumes, prestigiou o in\u00edcio da trajet\u00f3ria art\u00edstica do filho.<\/p>\n<p>A ANPR se orgulha da conquista do associado e segue na torcida para que este seja apenas o primeiro de muitos reconhecimentos.<\/p>\n<p>\u00a0<\/p>\n<p><strong>Pr\u00eamio Jabuti<\/strong><br \/>\u00c9 o mais tradicional pr\u00eamio de literatura brasileira, concedido anualmente pela C\u00e2mara Brasileira do Livro (CBL) para valorizar autores, editoras, ilustradores, tradutores, gr\u00e1ficos e livreiros que se destacam no \u00e2mbito liter\u00e1rio do pa\u00eds. O pr\u00eamio abrange diversas categorias, sendo uma refer\u00eancia incontest\u00e1vel no cen\u00e1rio art\u00edstico nacional.<\/p>\n<p>\t\t\u00daltima Atualiza\u00e7\u00e3o: 2025-09-29 17:16\t<\/p>\n","protected":false},"excerpt":{"rendered":"A Associa\u00e7\u00e3o Nacional dos Procuradores da Rep\u00fablica (ANPR) celebra a conquista do procurador regional da Rep\u00fablica Jos\u00e9 Osmar&hellip;\n","protected":false},"author":2,"featured_media":92131,"comment_status":"","ping_status":"","sticky":false,"template":"","format":"standard","meta":{"footnotes":""},"categories":[143],"tags":[169,114,115,170,32,33],"class_list":{"0":"post-92130","1":"post","2":"type-post","3":"status-publish","4":"format-standard","5":"has-post-thumbnail","7":"category-livros","8":"tag-books","9":"tag-entertainment","10":"tag-entretenimento","11":"tag-livros","12":"tag-portugal","13":"tag-pt"},"share_on_mastodon":{"url":"","error":""},"_links":{"self":[{"href":"https:\/\/www.europesays.com\/pt\/wp-json\/wp\/v2\/posts\/92130","targetHints":{"allow":["GET"]}}],"collection":[{"href":"https:\/\/www.europesays.com\/pt\/wp-json\/wp\/v2\/posts"}],"about":[{"href":"https:\/\/www.europesays.com\/pt\/wp-json\/wp\/v2\/types\/post"}],"author":[{"embeddable":true,"href":"https:\/\/www.europesays.com\/pt\/wp-json\/wp\/v2\/users\/2"}],"replies":[{"embeddable":true,"href":"https:\/\/www.europesays.com\/pt\/wp-json\/wp\/v2\/comments?post=92130"}],"version-history":[{"count":0,"href":"https:\/\/www.europesays.com\/pt\/wp-json\/wp\/v2\/posts\/92130\/revisions"}],"wp:featuredmedia":[{"embeddable":true,"href":"https:\/\/www.europesays.com\/pt\/wp-json\/wp\/v2\/media\/92131"}],"wp:attachment":[{"href":"https:\/\/www.europesays.com\/pt\/wp-json\/wp\/v2\/media?parent=92130"}],"wp:term":[{"taxonomy":"category","embeddable":true,"href":"https:\/\/www.europesays.com\/pt\/wp-json\/wp\/v2\/categories?post=92130"},{"taxonomy":"post_tag","embeddable":true,"href":"https:\/\/www.europesays.com\/pt\/wp-json\/wp\/v2\/tags?post=92130"}],"curies":[{"name":"wp","href":"https:\/\/api.w.org\/{rel}","templated":true}]}}