{"id":92150,"date":"2025-09-29T20:54:24","date_gmt":"2025-09-29T20:54:24","guid":{"rendered":"https:\/\/www.europesays.com\/pt\/92150\/"},"modified":"2025-09-29T20:54:24","modified_gmt":"2025-09-29T20:54:24","slug":"o-destino-de-amelie-continua-fabuloso-no-grande-ecra-diario-de-noticias","status":"publish","type":"post","link":"https:\/\/www.europesays.com\/pt\/92150\/","title":{"rendered":"O destino de Am\u00e9lie continua fabuloso no grande ecr\u00e3 &#8211; Di\u00e1rio de Not\u00edcias"},"content":{"rendered":"<ol>\n<li><a href=\"https:\/\/news.google.com\/rss\/articles\/CBMikgFBVV95cUxOS1pEUDNObWFpTjRVV1VSWV80YUpiaG9GY3JNRUhxNy1mUzBkdkpwN1MzclZtY1FrRE9wMF9KSGlMYkFGbVhfbzR1ZG5aUVdfck5DYjJoSDNwMG52QXdTVlc2WTZPajhoMmpZLVNnb2hkaF9UbUhvUUdlUkJOeGo0YVNQVTNQazlvbzlaV1NlU0F0dw?oc=5\" target=\"_blank\" rel=\"nofollow noopener\">O destino de Am\u00e9lie continua fabuloso no grande ecr\u00e3<\/a>&nbsp;&nbsp;Di\u00e1rio de Not\u00edcias<\/li>\n<li><a href=\"https:\/\/news.google.com\/rss\/articles\/CBMisAFBVV95cUxNUFIwQlNwVXYycGQxd0dPY2UwLTJwM2NZektNd1EwTUJNWWJnbTFDclh6VF9GNWRoUUJfNE5RRk5RbjNDUHltenppM1NDbEsxOEFtUUR4Q0ZJZXIya2gzUlBvVm9HMXNlUGhfdDA0bmp5V3ZyUlZjQ3JIWHZvampBc1VKaXNSSDd0MFJLSU9PZnFfVm9URC15UFhFSThGT1hVLVZRckxDOFh1NHdNb29Kcw?oc=5\" target=\"_blank\" rel=\"nofollow noopener\">O Fabuloso Destino de Am\u00e9lie n\u00e3o cabe no Instagram | 26.\u00aa Festa do Cinema Franc\u00eas<\/a>&nbsp;&nbsp;Magazine.HD<\/li>\n<li><a href=\"https:\/\/news.google.com\/rss\/articles\/CBMiggFBVV95cUxNSFFUNk5ja1NyRjV5UEpYcHI2YTlFNEZPcVlXaTJaQkwtMnJzR0Y5ZFBTYUFUVTc4UmNoRFlvYm9RdnB5MWl0WlJUQUsyaDZJTktkMldoZGJkU2pCemJjdmdEZnkzd3FCMnd5aFBOUmg3aktlY3Ytd3BUbTZoNjRhYjRn?oc=5\" target=\"_blank\" rel=\"nofollow noopener\">O Fabuloso Destino de Am\u00e9lie (reposi\u00e7\u00e3o) &#8211; Estreia a 2 de Outubro<\/a>&nbsp;&nbsp;cardapio.pt<\/li>\n<li><a href=\"https:\/\/news.google.com\/rss\/articles\/CBMie0FVX3lxTE5aRDUyM05TV3hoWU5TTF9aX01XaW1fLXBBTFlIRWRWVzJrUmNHcUlJYWxkM2tUZkNQNmtOajl6WHdhMFJIeFJBY3RzalhoeFNXbnFZcHl5d3NCTXRmMkZmTWJGby1XZDg0MmZqck9VTEtsbmpOOFpMYU9NRQ?oc=5\" target=\"_blank\" rel=\"nofollow noopener\">Segunda-Feira, h\u00e1 uma sess\u00e3o gr\u00e1tis de Am\u00e9lie<\/a>&nbsp;&nbsp;Trendy Report<\/li>\n<\/ol>\n","protected":false},"excerpt":{"rendered":"O destino de Am\u00e9lie continua fabuloso no grande ecr\u00e3&nbsp;&nbsp;Di\u00e1rio de Not\u00edcias O Fabuloso Destino de Am\u00e9lie n\u00e3o cabe&hellip;\n","protected":false},"author":2,"featured_media":92151,"comment_status":"","ping_status":"","sticky":false,"template":"","format":"standard","meta":{"footnotes":""},"categories":[140],"tags":[470,23010,306,114,115,147,148,146,23011,32,33],"class_list":{"0":"post-92150","1":"post","2":"type-post","3":"status-publish","4":"format-standard","5":"has-post-thumbnail","7":"category-filmes","8":"tag-cinema","9":"tag-cinema-reposicao","10":"tag-edicao-impressa","11":"tag-entertainment","12":"tag-entretenimento","13":"tag-film","14":"tag-filmes","15":"tag-movies","16":"tag-o-fabuloso-destino-de-amelie","17":"tag-portugal","18":"tag-pt"},"share_on_mastodon":{"url":"","error":""},"_links":{"self":[{"href":"https:\/\/www.europesays.com\/pt\/wp-json\/wp\/v2\/posts\/92150","targetHints":{"allow":["GET"]}}],"collection":[{"href":"https:\/\/www.europesays.com\/pt\/wp-json\/wp\/v2\/posts"}],"about":[{"href":"https:\/\/www.europesays.com\/pt\/wp-json\/wp\/v2\/types\/post"}],"author":[{"embeddable":true,"href":"https:\/\/www.europesays.com\/pt\/wp-json\/wp\/v2\/users\/2"}],"replies":[{"embeddable":true,"href":"https:\/\/www.europesays.com\/pt\/wp-json\/wp\/v2\/comments?post=92150"}],"version-history":[{"count":0,"href":"https:\/\/www.europesays.com\/pt\/wp-json\/wp\/v2\/posts\/92150\/revisions"}],"wp:featuredmedia":[{"embeddable":true,"href":"https:\/\/www.europesays.com\/pt\/wp-json\/wp\/v2\/media\/92151"}],"wp:attachment":[{"href":"https:\/\/www.europesays.com\/pt\/wp-json\/wp\/v2\/media?parent=92150"}],"wp:term":[{"taxonomy":"category","embeddable":true,"href":"https:\/\/www.europesays.com\/pt\/wp-json\/wp\/v2\/categories?post=92150"},{"taxonomy":"post_tag","embeddable":true,"href":"https:\/\/www.europesays.com\/pt\/wp-json\/wp\/v2\/tags?post=92150"}],"curies":[{"name":"wp","href":"https:\/\/api.w.org\/{rel}","templated":true}]}}