{"id":92164,"date":"2025-09-29T21:06:11","date_gmt":"2025-09-29T21:06:11","guid":{"rendered":"https:\/\/www.europesays.com\/pt\/92164\/"},"modified":"2025-09-29T21:06:11","modified_gmt":"2025-09-29T21:06:11","slug":"irma-joana-puntel-a-cultura-digital-nao-e-mais-online-ou-offline-ela-e-onlife","status":"publish","type":"post","link":"https:\/\/www.europesays.com\/pt\/92164\/","title":{"rendered":"Irm\u00e3 Joana Puntel: \u201ca cultura digital n\u00e3o \u00e9 mais online ou offline, ela \u00e9 onlife\u201d"},"content":{"rendered":"<p>A irm\u00e3 Joana Puntel acaba de completar 80 anos. Em vez de receber presente, ela tem nos presenteado, junto com Marcus Tullius, com mais um livro: \u201cPastoral Digital: uma mudan\u00e7a paradigm\u00e1tica\u201d. A religiosa paulina \u00e9 uma das assessoras do Mutir\u00e3o Brasileiro de Comunica\u00e7\u00e3o (MUTICOM), que acontece em Manaus de 225 a 28 de setembro de 2025, onde esta obra ser\u00e1 lan\u00e7ada.<\/p>\n<p style=\"text-align: justify;\"><b>Padre Modino Manaus<\/b><\/p>\n<p style=\"text-align: justify;\">Ela considera \u201cmuito importante que esse MUTICOM esteja se dedicando, a comunica\u00e7\u00e3o esteja se dedicando a levar adiante o tema da ecologia integral\u201d. A religiosa destaca o impacto que a enc\u00edclica Laudato Si, do Papa Francisco, teve no mundo todo, \u201c<b>ele que ajudou a criar muito a mentalidade sobre essa quest\u00e3o de que tudo est\u00e1 interligado<\/b>\u201d, explicando o que isso significa. Da\u00ed a relev\u00e2ncia da comunica\u00e7\u00e3o se engajar dentro dessa tem\u00e1tica, \u201cela escolhe essa tem\u00e1tica para ser algo que ajude a avan\u00e7ar na mentalidade, primeiro de tudo, porque as coisas podem se tornar gastas de tanto repetir e, \u00e0s vezes, n\u00e3o ter a\u00e7\u00e3o\u201d.<\/p>\n<p style=\"text-align: justify;\">A Ir. Joana Puntel vai assessorar no MUTICOM sobre a <b>educomunica\u00e7\u00e3o para a forma\u00e7\u00e3o cidad\u00e3<\/b>. Ela vai tratar sobre a quest\u00e3o do ser humano, \u201co ser humano que precisa ser formado para isso\u201d, ressaltando que \u201ceduca\u00e7\u00e3o e comunica\u00e7\u00e3o, elas est\u00e3o interrelacionadas\u201d. \u00c9 por isso que \u201ca educa\u00e7\u00e3o que voc\u00ea d\u00e1 para uma pessoa, o que voc\u00ea vai desenvolver, ela precisa estar ligada a tudo o que voc\u00ea vai fazer, o que voc\u00ea \u00e9 antes de tudo como pessoa. Ent\u00e3o os valores que voc\u00ea tem, os valores, a honestidade, a fraternidade, o respeito, a dignidade pelo outro\u201d.<\/p>\n<p style=\"text-align: justify;\">\u201c<b>Conforme voc\u00ea \u00e9 na sua vida, voc\u00ea tamb\u00e9m vai tratar n\u00e3o s\u00f3 os outros, mas todo o planeta, tudo o que est\u00e1 ao seu redor<\/b>. E a\u00ed, ent\u00e3o, voc\u00ea tamb\u00e9m tem raz\u00f5es profundas e vai se aperfei\u00e7oar mais, digamos assim, com bibliografias, para voc\u00ea discutir tamb\u00e9m isso no contexto\u201d, afirma a religiosa. Ela destaca a necessidade da forma\u00e7\u00e3o humana, da forma\u00e7\u00e3o cidad\u00e3 para a cidadania. Partindo de que tudo est\u00e1 interligado, sublinha que \u201cvoc\u00ea \u00e9 uma pessoa que precisa saber como que voc\u00ea trata os outros, porque, como diz assim um grande professor, n\u00f3s n\u00e3o nascemos prontos, a humanidade n\u00e3o nasce pronta, ela se forma\u201d.<\/p>\n<p>    <img decoding=\"async\" src=\"data:image\/gif;base64,R0lGODlhAQABAIAAAAAAAP\/\/\/yH5BAEAAAAALAAAAAABAAEAAAIBRAA7\" data-original=\"https:\/\/www.vaticannews.va\/content\/dam\/vaticannews\/multimedia\/2025\/settembre\/29\/IRMA-JOANA-PUNTEL-2-1.jpg\/_jcr_content\/renditions\/cq5dam.thumbnail.cropped.750.422.jpeg\" alt=\"\u201cPastoral Digital: uma mudan\u00e7a paradigm\u00e1tica\u201d \" title=\"\u201cPastoral Digital: uma mudan\u00e7a paradigm\u00e1tica\u201d \"\/><\/p>\n<p>\n   \u201cPastoral Digital: uma mudan\u00e7a paradigm\u00e1tica\u201d\n  <\/p>\n<p>Entrar na cultura digital <\/p>\n<p style=\"text-align: justify;\">Sobre a tem\u00e1tica do livro que est\u00e1 sendo lan\u00e7ado, ela afirma que \u201ca pastoral digital n\u00e3o \u00e9 uma pastoral diferente da pastoral de comunica\u00e7\u00e3o, mas \u00e9 ajudar a pastoral da comunica\u00e7\u00e3o que n\u00f3s j\u00e1 conhecemos a entrar cada vez mais dentro de uma cultura que \u00e9 uma cultura digital. N\u00e3o \u00e9 simplesmente usar os meios, mas \u00e9 dentro desse todo que n\u00f3s vivemos numa cultura digital. E <b>a cultura digital n\u00e3o \u00e9 mais online ou offline, ela \u00e9 onlife<\/b>\u201d, fazendo refer\u00eancia ao novo paradigma de Luciano Floridi, \u201conde leva em conta a pessoa, porque infelizmente quando se fala em comunica\u00e7\u00e3o, se pensa em meios\u201d, inclusive na Pastoral da Comunica\u00e7\u00e3o. A irm\u00e3 Puntel insiste em, sem deixar os meios de lado, incluir a pessoa nisso.<\/p>\n<p style=\"text-align: justify;\">Um livro dedicado \u00e0 mem\u00f3ria do Papa Francisco, que \u00e9 definido como pastor da escuta e do discernimento, comunicador exemplar. A religiosa paulina v\u00ea Papa Francisco como algu\u00e9m que praticou o que ele disse sobre comunica\u00e7\u00e3o, \u201cque \u00e9 essa escuta, ser firme, porque escutar e deixar fazer a mesma coisa n\u00e3o \u00e9 realizar a comunica\u00e7\u00e3o.\u201d O livro mostra que Francisco \u00e9 um homem do processo, que leva a se perguntar \u201c<b>quais s\u00e3o os sinais dos tempos para voc\u00ea poder entrar em di\u00e1logo com o contexto de hoje<\/b>\u201d, uma reflex\u00e3o que aparece numa confer\u00eancia que ele fez para a C\u00faria Romana no Natal, \u201conde ele mostra essa quest\u00e3o dos processos que precisa abrir\u201d, superando din\u00e2micas que levam a ficar parado, dando passos que levem a prestar aten\u00e7\u00e3o aos sinais dos tempos hoje.<\/p>\n<p style=\"text-align: justify;\">Algo que leva a refletir sobre a Intelig\u00eancia Artificial, \u201cque n\u00e3o se trata s\u00f3 de uma ferramenta, \u00e9 de tudo que ela est\u00e1 provocando no ser humano, no sentido de repensar, de nova antropologia\u201d, reflete a irm\u00e3 Puntel. Ela destaca a necessidade de \u201c<b>escutar os sinais dos tempos, porque \u00e9 ali que o Esp\u00edrito fala tamb\u00e9m<\/b>\u201d.<\/p>\n<p>    <img decoding=\"async\" src=\"data:image\/gif;base64,R0lGODlhAQABAIAAAAAAAP\/\/\/yH5BAEAAAAALAAAAAABAAEAAAIBRAA7\" data-original=\"https:\/\/www.vaticannews.va\/content\/dam\/vaticannews\/multimedia\/2025\/settembre\/29\/IRMA-JOANA-PUNTEL-2-2.jpg\/_jcr_content\/renditions\/cq5dam.thumbnail.cropped.750.422.jpeg\" alt=\"Irm\u00e3 Joana Puntel \" title=\"Irm\u00e3 Joana Puntel \"\/><\/p>\n<p>\n   Irm\u00e3 Joana Puntel\n  <\/p>\n<p>O \u2018onlife\u2019 <\/p>\n<p style=\"text-align: justify;\">Aprofundando no conceito \u2018onlife\u2019, a religiosa fala dos manguezais, onde convivem a \u00e1gua doce e a \u00e1gua salgada, uma met\u00e1fora usada por Luciano Floridi. O fil\u00f3sofo italiano defende que n\u00e3o \u00e9 igual antigamente quando era ligado ou desligado um aparelho, hoje \u201c<b>voc\u00ea est\u00e1 continuamente \u2018onlife\u2019, porque a comunica\u00e7\u00e3o, o digital, ele est\u00e1 ao redor, ele est\u00e1 no que voc\u00ea pensa, n\u00e3o \u00e9 mais assim que voc\u00ea puxa a gavetinha para dizer aqui est\u00e1 o digital<\/b>. N\u00f3s nos movemos dentro desse digital, seja por aquilo que n\u00f3s queremos usar no neg\u00f3cio, seja por aquilo que n\u00f3s queremos consumir, voc\u00ea est\u00e1 continuamente ligado\u201d.<\/p>\n<p style=\"text-align: justify;\">A religiosa v\u00ea esse fen\u00f3meno especialmente presente entre os jovens, falando da <b>s\u00edndrome do FOMO<\/b> (fear of missing out), o medo de ficar fora das novidades e eventos das redes sociais. Isso leva a ter a necessidade de sentir a vibra\u00e7\u00e3o do celular, o que \u201cmostra que n\u00f3s vivemos dentro de um todo que se movimenta.\u201d Nesse sentido, \u201cquando a gente fala que tudo est\u00e1 interconectado, \u00e9 nesse sentido, tudo. E isso est\u00e1 ficando assim, planet\u00e1rio.\u201d A irm\u00e3 Puntel lembra que agora saiu um livro chamado \u201cA Soberania Planet\u00e1ria\u201d, que \u00e9 a quest\u00e3o da intelig\u00eancia, as camadas neuronais.<\/p>\n<p>Magist\u00e9rio e Intelig\u00eancia Artificial <\/p>\n<p style=\"text-align: justify;\">Diante do receio frente \u00e0 Intelig\u00eancia Artificial, tamb\u00e9m em ambientes eclesiais, a religiosa paulina destaca a import\u00e2ncia de conhecer o Magist\u00e9rio da Igreja em rela\u00e7\u00e3o a essa tem\u00e1tica. Ela lembra a mensagem de Papa Francisco para o Dia Mundial da Paz de 2024, afirmando que \u201cquem quiser saber o que \u00e9 a Intelig\u00eancia Artificial e como \u00e9 que a igreja se comporta, vai l\u00e1 olhar essa carta\u201d, aparece o tema da \u00e9tica. Uma reflex\u00e3o que tem se dado em diversos momentos, enfatizando que \u201c<b>a dignidade humana precisa ser defendida na Intelig\u00eancia Artificial<\/b>\u201d.<\/p>\n<p style=\"text-align: justify;\">A religiosa insiste na necessidade de a Igreja reconhecer os progressos que nascem da Intelig\u00eancia Artificial, \u201cpara a medicina, para a engenharia, para tanta coisa, serve. Mas sempre precisa estar a servi\u00e7o da pessoa humana. E n\u00f3s sabemos que tem muitas coisas ali pelo meio que est\u00e3o a servi\u00e7o das grandes big techs\u201d, que faz primar o que os algoritmos l\u00e1 dentro fizeram. Diante disso, sublinha que \u201cquem colocou os programas l\u00e1 foi o humano. Frente \u00e0 an\u00e1lise das produ\u00e7\u00f5es, \u201c<b>hoje a Igreja chama aten\u00e7\u00e3o com a quest\u00e3o da algor\u00e9tica, a \u00e9tica do algoritmo<\/b>\u201d, uma reflex\u00e3o que desenvolve frei Paolo Benanti. Da\u00ed a import\u00e2ncia de formar aqueles que programam os algoritmos, segundo a irm\u00e3 Puntel.<\/p>\n<p style=\"text-align: justify;\">Diante da realidade da gera\u00e7\u00e3o digital e a pergunta se Deus pode estar presente no celular e nesse espa\u00e7o Ele se comunica, a religiosa parte da premissa de que \u201cDeus est\u00e1 presente em todo lugar\u201d. A irm\u00e3 Puntel disse trabalhar e seguir os aportes da pesquisadora da PUC de S\u00e3o Paulo, L\u00facia Santaella, \u201ce ela trabalha muito com a quest\u00e3o cognitiva, a quest\u00e3o das camadas neuronais.\u201d A pesquisadora defende a necessidade de <b>come\u00e7ar com a \u00e9tica com as crian\u00e7as, n\u00e3o com regrinhas, mas com comportamento<\/b>, o que demanda acompanhamento das crian\u00e7as, tamb\u00e9m quando elas est\u00e3o com o celular, dado que \u201cisso a\u00ed penetra dentro do cora\u00e7\u00e3o dele\u201d.<\/p>\n<p>Proposta a seguir na Pastoral Digital <\/p>\n<p style=\"text-align: justify;\">Na Pastoral Digital, a irm\u00e3 Joana Puntel destaca tr\u00eas pontos importantes: estarmos atentos ao contexto, quais s\u00e3o os sinais dos tempos hoje; os novos paradigmas, que \u00e9 o \u2018onlife\u2019; as pistas para voc\u00ea levar adiante uma pastoral que leva em conta os caminhos para uma pastoral digital, segundo recolhe o cap\u00edtulo VI do livro, que no pref\u00e1cio, dom Joaquim Mol Guimar\u00e3es pelo come\u00e7ar por ele a leitura. A religiosa destaca alguns verbos que, no livro, \u201c<b>apontam atitudes e processos existenciais que devem orientar a a\u00e7\u00e3o pastoral da Igreja na cultura digital<\/b>: sair, anunciar, habitar, educar, transfigurar, transfigurar, dar rosto crist\u00e3o \u00e0 cultura digital, formar comunidades conscientes online\u201d.<\/p>\n<p style=\"text-align: justify;\">A irm\u00e3 Joana Puntel destaca a import\u00e2ncia das paroquias criar comunidades online, inclusive com as pessoas idosas, \u201cisso vai unindo a comunidade\u201d, dado que \u201c\u00e9 aquilo que n\u00f3s estamos vivendo.\u201d A religiosa insiste na import\u00e2ncia das pistas da a\u00e7\u00e3o para a pastoral digital, como \u00e9 incorporar o Magist\u00e9rio ao planejamento pastoral; <b>promover a forma\u00e7\u00e3o permanente<\/b>; partir do sentido da miss\u00e3o; fomentar o di\u00e1logo entre f\u00e9 e ci\u00eancia.<\/p>\n","protected":false},"excerpt":{"rendered":"A irm\u00e3 Joana Puntel acaba de completar 80 anos. Em vez de receber presente, ela tem nos presenteado,&hellip;\n","protected":false},"author":2,"featured_media":92165,"comment_status":"","ping_status":"","sticky":false,"template":"","format":"standard","meta":{"footnotes":""},"categories":[143],"tags":[169,114,115,545,933,237,170,32,33],"class_list":{"0":"post-92164","1":"post","2":"type-post","3":"status-publish","4":"format-standard","5":"has-post-thumbnail","7":"category-livros","8":"tag-books","9":"tag-entertainment","10":"tag-entretenimento","11":"tag-igreja-catolica","12":"tag-inteligencia-artificial","13":"tag-livro","14":"tag-livros","15":"tag-portugal","16":"tag-pt"},"share_on_mastodon":{"url":"","error":""},"_links":{"self":[{"href":"https:\/\/www.europesays.com\/pt\/wp-json\/wp\/v2\/posts\/92164","targetHints":{"allow":["GET"]}}],"collection":[{"href":"https:\/\/www.europesays.com\/pt\/wp-json\/wp\/v2\/posts"}],"about":[{"href":"https:\/\/www.europesays.com\/pt\/wp-json\/wp\/v2\/types\/post"}],"author":[{"embeddable":true,"href":"https:\/\/www.europesays.com\/pt\/wp-json\/wp\/v2\/users\/2"}],"replies":[{"embeddable":true,"href":"https:\/\/www.europesays.com\/pt\/wp-json\/wp\/v2\/comments?post=92164"}],"version-history":[{"count":0,"href":"https:\/\/www.europesays.com\/pt\/wp-json\/wp\/v2\/posts\/92164\/revisions"}],"wp:featuredmedia":[{"embeddable":true,"href":"https:\/\/www.europesays.com\/pt\/wp-json\/wp\/v2\/media\/92165"}],"wp:attachment":[{"href":"https:\/\/www.europesays.com\/pt\/wp-json\/wp\/v2\/media?parent=92164"}],"wp:term":[{"taxonomy":"category","embeddable":true,"href":"https:\/\/www.europesays.com\/pt\/wp-json\/wp\/v2\/categories?post=92164"},{"taxonomy":"post_tag","embeddable":true,"href":"https:\/\/www.europesays.com\/pt\/wp-json\/wp\/v2\/tags?post=92164"}],"curies":[{"name":"wp","href":"https:\/\/api.w.org\/{rel}","templated":true}]}}