{"id":92230,"date":"2025-09-29T22:01:30","date_gmt":"2025-09-29T22:01:30","guid":{"rendered":"https:\/\/www.europesays.com\/pt\/92230\/"},"modified":"2025-09-29T22:01:30","modified_gmt":"2025-09-29T22:01:30","slug":"a-atitude-do-ze-foi","status":"publish","type":"post","link":"https:\/\/www.europesays.com\/pt\/92230\/","title":{"rendered":"A atitude do Z\u00e9 foi&#8230;"},"content":{"rendered":"<p>\t\t\t\t\t\t\t\t\t\t\t\t<a href=\"#\" onclick=\"window.open('http:\/\/www.facebook.com\/sharer.php?u=https:\/\/cusquices.com\/bruno-savate-reage-a-ida-de-ze-a-casa-do-secret-story-a-atitude-do-ze-foi\/&amp;t=Bruno Savate reage \u00e0 ida de Z\u00e9 \u00e0 casa do Secret Story: \u201cA atitude do Z\u00e9 foi\u2026\u201d', 'facebookShare', 'width=626,height=436'); return false;\" title=\"Share on Facebook\"><\/p>\n<p>Share<\/p>\n<p><\/a><br \/>\n\t\t\t\t\t\t\t\t\t\t\t\t<a href=\"#\" onclick=\"window.open('http:\/\/twitter.com\/share?text=Bruno Savate reage \u00e0 ida de Z\u00e9 \u00e0 casa do Secret Story: \u201cA atitude do Z\u00e9 foi\u2026\u201d -&amp;url=https:\/\/cusquices.com\/bruno-savate-reage-a-ida-de-ze-a-casa-do-secret-story-a-atitude-do-ze-foi\/', 'twitterShare', 'width=626,height=436'); return false;\" title=\"Tweet This Post\"><\/p>\n<p>Tweet<\/p>\n<p><\/a><br \/>\n\t\t\t\t\t\t\t\t\t\t\t\t<a href=\"whatsapp:\/\/send?text=Bruno Savate reage \u00e0 ida de Z\u00e9 \u00e0 casa do Secret Story: \u201cA atitude do Z\u00e9 foi\u2026\u201d https:\/\/cusquices.com\/bruno-savate-reage-a-ida-de-ze-a-casa-do-secret-story-a-atitude-do-ze-foi\/\" rel=\"nofollow\"><\/p>\n<p>Share<\/p>\n<p><\/a><br \/>\n\t\t\t\t\t\t\t\t\t\t\t\t<a href=\"#\" onclick=\"window.open('http:\/\/pinterest.com\/pin\/create\/button\/?url=https:\/\/cusquices.com\/bruno-savate-reage-a-ida-de-ze-a-casa-do-secret-story-a-atitude-do-ze-foi\/&amp;media=https:\/\/cusquices.com\/wp-content\/uploads\/2025\/09\/savate-zelili-1000x600.jpg&amp;description=Bruno Savate reage \u00e0 ida de Z\u00e9 \u00e0 casa do Secret Story: \u201cA atitude do Z\u00e9 foi\u2026\u201d', 'pinterestShare', 'width=750,height=350'); return false;\" title=\"Pin This Post\"><\/p>\n<p>Share<\/p>\n<p><\/a><br \/>\n\t\t\t\t\t\t\t\t\t\t\t\t<a href=\"mailto:?subject=Bruno Savate reage \u00e0 ida de Z\u00e9 \u00e0 casa do Secret Story: \u201cA atitude do Z\u00e9 foi\u2026\u201d&amp;BODY=I found this article interesting and thought of sharing it with you. Check it out: https:\/\/cusquices.com\/bruno-savate-reage-a-ida-de-ze-a-casa-do-secret-story-a-atitude-do-ze-foi\/\"><\/p>\n<p>Email<\/p>\n<p><\/a><br \/>\n\t\t\t\t\t\t\t\t\t\t\t\t\t\t\t\t\t\t\t\t\t\t\t\t\t\t\t\t\t\t\t\t\t\t\t\t\t\t\t\t\t\t\t\t\t\t\t\t\t\t\t\t\t<a href=\"https:\/\/cusquices.com\/bruno-savate-reage-a-ida-de-ze-a-casa-do-secret-story-a-atitude-do-ze-foi\/#respond\" rel=\"nofollow noopener\" target=\"_blank\"><\/p>\n<p>Savate reagiu \u00e0 ida de Z\u00e9 \u00e0 casa mais vigiada do pa\u00eds.<\/p>\n<p>A gala do Secret Story 9 deste domingo, 28 de setembro, foi para o ar comum dos momentos mais intensos desde a estreia desta edi\u00e7\u00e3o do reality show. Z\u00e9, noivo de Liliana, entrou na casa mais vigiada do pa\u00eds e deixou-lhe uma mensagem. Liliana n\u00e3o conteve as l\u00e1grimas, mas tamb\u00e9m n\u00e3o conseguiu esconder que sente algo por F\u00e1bio. Z\u00e9 confessou a desilus\u00e3o que tem sentido ao assistir \u00e0s atitudes da noiva no jogo, mas, ainda assim, decidiu n\u00e3o terminar o noivado e pretende aguardar tanto quanto lhe seja poss\u00edvel para ter uma conversa com Liliana c\u00e1 fora. <\/p>\n<p>O epis\u00f3dio n\u00e3o deixou ningu\u00e9m indiferente, nas redes sociais, v\u00e1rias ex-concorrentes de reality shows, se t\u00eam manifestado sobre a \u2018novela\u2019 que tanto tem dado que falar na nona edi\u00e7\u00e3o da Casa dos Segredos. <strong>Bruno Savate, <\/strong>veterano dos reality shows da TVI, tamb\u00e9m se pronunciou nas redes sociais sobre a toda a pol\u00e9mica.<\/p>\n<p><strong>\u201cPessoal a atitude do Z\u00e9 foi a melhor, s\u00f3 vai complicar mais a vida dentro da casa ao \u201ccasal\u201d! Caso ele tivesse acabado, a Liliana ia virar o jogo. 1 dia a chorar porque o namorado a deixou; 2 dia brincadeiras com o F\u00e1bio; 3 dia Namorar com o F\u00e1bio; 4 dia \u00e9 pedida em casamento\u201d<\/strong>, atirou Bruno Savate.<\/p>\n<p><strong>Leia tamb\u00e9m:<\/strong><\/p>\n<p>\t\t\t\t\t\t\t\t\t\t\t\t\t\t\t\t\t\t\t\t\t\t\t\t\t<img decoding=\"async\" src=\"https:\/\/www.europesays.com\/pt\/wp-content\/uploads\/2025\/09\/1758443114_763_cusquices-logo-52x.png\" class=\"webpexpress-processed\"\/><\/p>\n<p>\t\t\t\t\t\t\t\t\t\t\t\t\t\t\t\t\t\t\t\t\t            \t\t\t\t\t\t\t\t\t\t\t\t\t\t\t\t\t\t\t\t\t\t\t\t\t\t\t\t\t\t\t\t\t\t\t\t\t\t\t<script async src=\"https:\/\/platform.twitter.com\/widgets.js\" charset=\"utf-8\"><\/script><\/p>\n","protected":false},"excerpt":{"rendered":"Share Tweet Share Share Email Savate reagiu \u00e0 ida de Z\u00e9 \u00e0 casa mais vigiada do pa\u00eds. A&hellip;\n","protected":false},"author":2,"featured_media":92231,"comment_status":"","ping_status":"","sticky":false,"template":"","format":"standard","meta":{"footnotes":""},"categories":[8],"tags":[27,28,1253,2632,49,15,16,14,25,26,19016,21,22,12,13,19,20,32,23,24,33,17,18,29,30,31],"class_list":{"0":"post-92230","1":"post","2":"type-post","3":"status-publish","4":"format-standard","5":"has-post-thumbnail","7":"category-principais-noticias","8":"tag-breaking-news","9":"tag-breakingnews","10":"tag-bruno-savate","11":"tag-casa-dos-segredos","12":"tag-destaques","13":"tag-featured-news","14":"tag-featurednews","15":"tag-headlines","16":"tag-latest-news","17":"tag-latestnews","18":"tag-liliana","19":"tag-main-news","20":"tag-mainnews","21":"tag-news","22":"tag-noticias","23":"tag-noticias-principais","24":"tag-noticiasprincipais","25":"tag-portugal","26":"tag-principais-noticias","27":"tag-principaisnoticias","28":"tag-pt","29":"tag-top-stories","30":"tag-topstories","31":"tag-ultimas","32":"tag-ultimas-noticias","33":"tag-ultimasnoticias"},"share_on_mastodon":{"url":"","error":""},"_links":{"self":[{"href":"https:\/\/www.europesays.com\/pt\/wp-json\/wp\/v2\/posts\/92230","targetHints":{"allow":["GET"]}}],"collection":[{"href":"https:\/\/www.europesays.com\/pt\/wp-json\/wp\/v2\/posts"}],"about":[{"href":"https:\/\/www.europesays.com\/pt\/wp-json\/wp\/v2\/types\/post"}],"author":[{"embeddable":true,"href":"https:\/\/www.europesays.com\/pt\/wp-json\/wp\/v2\/users\/2"}],"replies":[{"embeddable":true,"href":"https:\/\/www.europesays.com\/pt\/wp-json\/wp\/v2\/comments?post=92230"}],"version-history":[{"count":0,"href":"https:\/\/www.europesays.com\/pt\/wp-json\/wp\/v2\/posts\/92230\/revisions"}],"wp:featuredmedia":[{"embeddable":true,"href":"https:\/\/www.europesays.com\/pt\/wp-json\/wp\/v2\/media\/92231"}],"wp:attachment":[{"href":"https:\/\/www.europesays.com\/pt\/wp-json\/wp\/v2\/media?parent=92230"}],"wp:term":[{"taxonomy":"category","embeddable":true,"href":"https:\/\/www.europesays.com\/pt\/wp-json\/wp\/v2\/categories?post=92230"},{"taxonomy":"post_tag","embeddable":true,"href":"https:\/\/www.europesays.com\/pt\/wp-json\/wp\/v2\/tags?post=92230"}],"curies":[{"name":"wp","href":"https:\/\/api.w.org\/{rel}","templated":true}]}}