{"id":92361,"date":"2025-09-29T23:38:11","date_gmt":"2025-09-29T23:38:11","guid":{"rendered":"https:\/\/www.europesays.com\/pt\/92361\/"},"modified":"2025-09-29T23:38:11","modified_gmt":"2025-09-29T23:38:11","slug":"o-papa-dialogo-entre-culturas-e-religioes-objetivo-para-um-politico-de-inspiracao-crista","status":"publish","type":"post","link":"https:\/\/www.europesays.com\/pt\/92361\/","title":{"rendered":"O Papa: di\u00e1logo entre culturas e religi\u00f5es, objetivo para um pol\u00edtico de inspira\u00e7\u00e3o crist\u00e3"},"content":{"rendered":"<p>Ao receber o Grupo de Trabalho sobre Di\u00e1logo Intercultural e Inter-religioso, no Vaticano, Le\u00e3o XIV destacou que &#8220;ser homens e mulheres de di\u00e1logo significa permanecer firmemente arraigados no Evangelho e nos valores que vem dele e, ao mesmo tempo, cultivar a abertura, a escuta e o envolvimento com aqueles que v\u00eam de outras inspira\u00e7\u00f5es, colocando sempre no centro a pessoa humana, sua dignidade e sua constitui\u00e7\u00e3o relacional e comunit\u00e1ria&#8221;.<\/p>\n<p><b>Mariangela Jaguraba \u2013 Vatican News<\/b><\/p>\n<p>O Papa Le\u00e3o XIV recebeu em audi\u00eancia, nesta segunda-feira (29\/09), no Vaticano, os membros do Grupo de Trabalho sobre Di\u00e1logo Intercultural e Inter-religioso.<\/p>\n<p>Este grupo foi criado dentro do Parlamento Europeu, uma iniciativa que Le\u00e3o XIV espera que d\u00ea frutos. Trata-se de pessoas que deram um bom testemunho na promo\u00e7\u00e3o desse di\u00e1logo.<\/p>\n<p>Promover o di\u00e1logo entre culturas e religi\u00f5es \u00e9 um objetivo fundamental para um pol\u00edtico de inspira\u00e7\u00e3o crist\u00e3, e gra\u00e7as a Deus n\u00e3o faltam pessoas que deram bom testemunho neste sentido.<\/p>\n<p>Segundo o Papa, &#8220;ser homens e mulheres de di\u00e1logo significa permanecer firmemente arraigados no Evangelho e nos valores que vem dele e, ao mesmo tempo, cultivar a abertura, a escuta e o envolvimento com aqueles que v\u00eam de outras inspira\u00e7\u00f5es, colocando sempre no centro a pessoa humana, sua dignidade e sua constitui\u00e7\u00e3o relacional e comunit\u00e1ria&#8221;.<\/p>\n<p>Trabalhar para o di\u00e1logo inter-religioso exige reconhecer que a religi\u00e3o \u00e9 um valor tanto pessoal quanto social. A pr\u00f3pria palavra &#8220;religi\u00e3o&#8221; cont\u00e9m uma refer\u00eancia ao v\u00ednculo como elemento fundamental do ser humano. Portanto, a dimens\u00e3o religiosa, quando aut\u00eantica e bem cultivada, d\u00e1 qualidade \u00e0s rela\u00e7\u00f5es interpessoais e ajuda muito a formar as pessoas para viverem em comunidade e na sociedade. Como \u00e9 importante hoje dar valor e significado \u00e0s rela\u00e7\u00f5es humanas!<\/p>\n<p>De acordo com o Papa, &#8220;as institui\u00e7\u00f5es europeias precisam de pessoas que saibam viver uma laicidade saud\u00e1vel, isto \u00e9, um estilo de pensamento e a\u00e7\u00e3o que afirme o valor da religi\u00e3o, preservando a sua distin\u00e7\u00e3o \u2013 e n\u00e3o a separa\u00e7\u00e3o ou confus\u00e3o \u2013 em rela\u00e7\u00e3o \u00e0 esfera pol\u00edtica&#8221;. &#8220;Neste sentido, os exemplos de Robert Schuman, Konrad Adenauer e Alcide De Gasperi valem mais do que as palavras&#8221;, concluiu Le\u00e3o XIV, agradecendo aos membros do Grupo de Trabalho sobre Di\u00e1logo Intercultural e Inter-religioso pela visita.<\/p>\n","protected":false},"excerpt":{"rendered":"Ao receber o Grupo de Trabalho sobre Di\u00e1logo Intercultural e Inter-religioso, no Vaticano, Le\u00e3o XIV destacou que &#8220;ser&hellip;\n","protected":false},"author":2,"featured_media":92362,"comment_status":"","ping_status":"","sticky":false,"template":"","format":"standard","meta":{"footnotes":""},"categories":[50],"tags":[27,28,901,807,15,16,14,23030,25,26,21,22,62,12,13,19,20,811,52,23,24,23031,17,18,29,30,31,63,64,65],"class_list":{"0":"post-92361","1":"post","2":"type-post","3":"status-publish","4":"format-standard","5":"has-post-thumbnail","7":"category-mundo","8":"tag-breaking-news","9":"tag-breakingnews","10":"tag-cultura-e-sociedade","11":"tag-dialogo-inter-religioso","12":"tag-featured-news","13":"tag-featurednews","14":"tag-headlines","15":"tag-instituicoes-europeias","16":"tag-latest-news","17":"tag-latestnews","18":"tag-main-news","19":"tag-mainnews","20":"tag-mundo","21":"tag-news","22":"tag-noticias","23":"tag-noticias-principais","24":"tag-noticiasprincipais","25":"tag-papa-leao-xiv","26":"tag-politica","27":"tag-principais-noticias","28":"tag-principaisnoticias","29":"tag-religioes","30":"tag-top-stories","31":"tag-topstories","32":"tag-ultimas","33":"tag-ultimas-noticias","34":"tag-ultimasnoticias","35":"tag-world","36":"tag-world-news","37":"tag-worldnews"},"share_on_mastodon":{"url":"","error":""},"_links":{"self":[{"href":"https:\/\/www.europesays.com\/pt\/wp-json\/wp\/v2\/posts\/92361","targetHints":{"allow":["GET"]}}],"collection":[{"href":"https:\/\/www.europesays.com\/pt\/wp-json\/wp\/v2\/posts"}],"about":[{"href":"https:\/\/www.europesays.com\/pt\/wp-json\/wp\/v2\/types\/post"}],"author":[{"embeddable":true,"href":"https:\/\/www.europesays.com\/pt\/wp-json\/wp\/v2\/users\/2"}],"replies":[{"embeddable":true,"href":"https:\/\/www.europesays.com\/pt\/wp-json\/wp\/v2\/comments?post=92361"}],"version-history":[{"count":0,"href":"https:\/\/www.europesays.com\/pt\/wp-json\/wp\/v2\/posts\/92361\/revisions"}],"wp:featuredmedia":[{"embeddable":true,"href":"https:\/\/www.europesays.com\/pt\/wp-json\/wp\/v2\/media\/92362"}],"wp:attachment":[{"href":"https:\/\/www.europesays.com\/pt\/wp-json\/wp\/v2\/media?parent=92361"}],"wp:term":[{"taxonomy":"category","embeddable":true,"href":"https:\/\/www.europesays.com\/pt\/wp-json\/wp\/v2\/categories?post=92361"},{"taxonomy":"post_tag","embeddable":true,"href":"https:\/\/www.europesays.com\/pt\/wp-json\/wp\/v2\/tags?post=92361"}],"curies":[{"name":"wp","href":"https:\/\/api.w.org\/{rel}","templated":true}]}}