{"id":92377,"date":"2025-09-29T23:50:25","date_gmt":"2025-09-29T23:50:25","guid":{"rendered":"https:\/\/www.europesays.com\/pt\/92377\/"},"modified":"2025-09-29T23:50:25","modified_gmt":"2025-09-29T23:50:25","slug":"mineira-faz-seguro-de-r-2-milhoes-para-partes-intimas","status":"publish","type":"post","link":"https:\/\/www.europesays.com\/pt\/92377\/","title":{"rendered":"Mineira faz seguro de R$ 2 milh\u00f5es para partes \u00edntimas"},"content":{"rendered":"<p>Mari Reis, ex-campe\u00e3 de fisiculturismo e criadora de conte\u00fado da plataforma Privacy, contratou um seguro de R$ 2 milh\u00f5es para suas partes \u00edntimas. A mineirade 30 anos tomou a decis\u00e3o neste m\u00eas de setembro, em S\u00e3o Paulo, seguindo uma pr\u00e1tica adotada por celebridades internacionais que protegem partes do corpo consideradas essenciais para suas carreiras.<\/p>\n<p>A contrata\u00e7\u00e3o da ap\u00f3lice milion\u00e1ria representa uma estrat\u00e9gia para proteger o que Mari considera seu principal patrim\u00f4nio profissional. &#8220;Meu corpo \u00e9 meu trabalho e minha maior fonte de renda. J\u00e1 investi anos em treinos, alimenta\u00e7\u00e3o, est\u00e9tica e cuidados m\u00e9dicos. Nada mais justo do que garantir prote\u00e7\u00e3o tamb\u00e9m para aquilo que sustenta minha carreira&#8221;, declarou. Na Privacy, ela j\u00e1 acumulou mais de R$ 100 mil em faturamento em apenas seis meses de atua\u00e7\u00e3o.<\/p>\n<p>&#8220;Meu corpo \u00e9 fruto de anos de dedica\u00e7\u00e3o, disciplina e supera\u00e7\u00e3o no fisiculturismo. Hoje ele tamb\u00e9m \u00e9 a base do meu trabalho como criadora de conte\u00fado, ent\u00e3o faz sentido proteg\u00ea-lo como o patrim\u00f4nio que \u00e9&#8221;, afirmou a criadora de conte\u00fado. Inicialmente, Mari havia segurado apenas o bumbum, mas ap\u00f3s novas negocia\u00e7\u00f5es, conseguiu ampliar a cobertura para incluir as partes \u00edntimas, tornando-se a primeira brasileira a conquistar esse tipo de ap\u00f3lice.<\/p>\n<p>A pr\u00e1tica de assegurar partes espec\u00edficas do corpo tem precedentes no mundo das celebridades, com rumores de que Jennifer Lopez teria protegido o bumbum com uma ap\u00f3lice exclusiva e Mariah Carey teria garantido seguros para as pernas e cordas vocais.<\/p>\n<p>\u00a0<\/p>\n<p>\u00a0<\/p>\n","protected":false},"excerpt":{"rendered":"Mari Reis, ex-campe\u00e3 de fisiculturismo e criadora de conte\u00fado da plataforma Privacy, contratou um seguro de R$ 2&hellip;\n","protected":false},"author":2,"featured_media":92378,"comment_status":"","ping_status":"","sticky":false,"template":"","format":"standard","meta":{"footnotes":""},"categories":[84],"tags":[109,107,108,23035,32,23036,33,105,103,104,23034,106,110],"class_list":{"0":"post-92377","1":"post","2":"type-post","3":"status-publish","4":"format-standard","5":"has-post-thumbnail","7":"category-ciencia-e-tecnologia","8":"tag-ciencia","9":"tag-ciencia-e-tecnologia","10":"tag-cienciaetecnologia","11":"tag-conteudo-adulto","12":"tag-portugal","13":"tag-privacy","14":"tag-pt","15":"tag-science","16":"tag-science-and-technology","17":"tag-scienceandtechnology","18":"tag-seguro","19":"tag-technology","20":"tag-tecnologia"},"share_on_mastodon":{"url":"","error":""},"_links":{"self":[{"href":"https:\/\/www.europesays.com\/pt\/wp-json\/wp\/v2\/posts\/92377","targetHints":{"allow":["GET"]}}],"collection":[{"href":"https:\/\/www.europesays.com\/pt\/wp-json\/wp\/v2\/posts"}],"about":[{"href":"https:\/\/www.europesays.com\/pt\/wp-json\/wp\/v2\/types\/post"}],"author":[{"embeddable":true,"href":"https:\/\/www.europesays.com\/pt\/wp-json\/wp\/v2\/users\/2"}],"replies":[{"embeddable":true,"href":"https:\/\/www.europesays.com\/pt\/wp-json\/wp\/v2\/comments?post=92377"}],"version-history":[{"count":0,"href":"https:\/\/www.europesays.com\/pt\/wp-json\/wp\/v2\/posts\/92377\/revisions"}],"wp:featuredmedia":[{"embeddable":true,"href":"https:\/\/www.europesays.com\/pt\/wp-json\/wp\/v2\/media\/92378"}],"wp:attachment":[{"href":"https:\/\/www.europesays.com\/pt\/wp-json\/wp\/v2\/media?parent=92377"}],"wp:term":[{"taxonomy":"category","embeddable":true,"href":"https:\/\/www.europesays.com\/pt\/wp-json\/wp\/v2\/categories?post=92377"},{"taxonomy":"post_tag","embeddable":true,"href":"https:\/\/www.europesays.com\/pt\/wp-json\/wp\/v2\/tags?post=92377"}],"curies":[{"name":"wp","href":"https:\/\/api.w.org\/{rel}","templated":true}]}}