{"id":92388,"date":"2025-09-30T00:05:08","date_gmt":"2025-09-30T00:05:08","guid":{"rendered":"https:\/\/www.europesays.com\/pt\/92388\/"},"modified":"2025-09-30T00:05:08","modified_gmt":"2025-09-30T00:05:08","slug":"como-ozzy-osbourne-estava-no-ultimo-dia-antes-de-sua-morte","status":"publish","type":"post","link":"https:\/\/www.europesays.com\/pt\/92388\/","title":{"rendered":"Como Ozzy Osbourne estava no \u00faltimo dia antes de sua morte"},"content":{"rendered":"\n<p><strong><a href=\"https:\/\/igormiranda.com.br\/tag\/ozzy-osbourne\/\" target=\"_blank\" rel=\"noreferrer noopener nofollow\">Ozzy Osbourne<\/a><\/strong> nos deixou no \u00faltimo dia 22 de julho, semanas ap\u00f3s se despedir dos palcos com o <strong>Black Sabbath<\/strong> no festival <strong>Back to the Beginning<\/strong>. <strong><a href=\"https:\/\/igormiranda.com.br\/tag\/andrew-watt\/\" target=\"_blank\" rel=\"noreferrer noopener nofollow\">Andrew Watt<\/a><\/strong>, produtor dos dois \u00faltimos \u00e1lbuns do Madman, afirmou ter conversado com ele at\u00e9 um dia antes da not\u00edcia mais triste do metal nos \u00faltimos anos.<\/p>\n<p>Em entrevista \u00e0 <a href=\"https:\/\/www.rollingstone.com\/music\/music-features\/ozzy-osbourne-last-days-andrew-watt-1235436231\/\" target=\"_blank\" rel=\"noreferrer noopener nofollow\">Rolling Stone<\/a>, o respons\u00e1vel por unir Ozzy e <strong>Post Malone<\/strong> afirmou que desde que come\u00e7ou a trabalhar junto do veterano, em 2019, mantinha contato di\u00e1rio com ele. N\u00e3o foi diferente em 21 de julho de 2025.<\/p>\n<p>&#8211; Advertisement &#8211;<\/p>\n<p>Andrew garantiu que a conversa na data anterior \u00e0 perda foi absolutamente normal. Ele disse:<\/p>\n<p>\u201cEstava tudo normal e, no dia seguinte, chegou a not\u00edcia e foi um choque gigante.\u201d<\/p>\n<p>Watt declarou que, se n\u00e3o fosse por Osbourne, sequer estaria dando aquela entrevista.<\/p>\n<p>\u201cEle mudou tudo para mim. Ele me via como um produtor de \u00e1lbuns s\u00e9rio. At\u00e9 ent\u00e3o, eu n\u00e3o estava realmente fazendo \u00e1lbuns completos. Eu tinha feito um ou dois \u00e1lbuns completos nos quais estava envolvido, mas n\u00e3o estava fazendo dessa forma. E ele viu em mim que eu era capaz disso. E foi um sonho que se tornou realidade. Ele me deu confian\u00e7a e me ensinou muito sobre como mixar rock e levar isso at\u00e9 o fim. Ele realmente acreditou em mim. Ele me deixou tocar guitarra em seus \u00e1lbuns, e isso \u00e9 simplesmente inacredit\u00e1vel. N\u00f3s \u00e9ramos muito dedicados um ao outro, tanto como colaboradores quanto como amigos. E, p#rra, cara, mais do que tudo, sinto falta das risadas. Ele \u00e9 a pessoa mais engra\u00e7ada de todos os tempos.\u201d<\/p>\n<p> Ozzy Osbourne e Andrew Watt <\/p>\n<p>Andrew Watt produziu \u201cOrdinary Man\u201d (2020) e \u201cPatient Number 9\u201d (2022) e tocou guitarra em algumas das faixas dos \u00e1lbuns. O sucesso com Ozzy o levou a trabalhar com nomes como Elton John, Iggy Pop, Rolling Stones, Pearl Jam, Lady Gaga e outros, al\u00e9m de Malone, que ele conheceu antes do Madman.<\/p>\n<p><strong>Clique<\/strong> para seguir IgorMiranda.com.br no: <a href=\"https:\/\/instagram.com\/igormirandasite\" target=\"_blank\" rel=\"noreferrer noopener nofollow\">Instagram<\/a> | <a href=\"https:\/\/bsky.app\/profile\/igormirandasite.bsky.social\" target=\"_blank\" rel=\"noreferrer noopener nofollow\">Bluesky<\/a> | <a href=\"https:\/\/twitter.com\/igormirandasite\" target=\"_blank\" rel=\"noreferrer noopener nofollow\">Twitter<\/a> | <a href=\"https:\/\/tiktok.com\/@igormirandasite\" target=\"_blank\" rel=\"noreferrer noopener nofollow\">TikTok<\/a> | <a href=\"https:\/\/facebook.com\/igormirandasite\" target=\"_blank\" rel=\"noreferrer noopener nofollow\">Facebook<\/a> | <a href=\"https:\/\/www.youtube.com\/igormirandasite\" target=\"_blank\" rel=\"noreferrer noopener nofollow\">YouTube<\/a> | <a href=\"https:\/\/www.threads.net\/@igormirandasite\" target=\"_blank\" rel=\"noreferrer noopener nofollow\">Threads<\/a>.<\/p>\n<p> <script async src=\"https:\/\/platform.twitter.com\/widgets.js\" charset=\"utf-8\"><\/script><script async src=\"\/\/www.instagram.com\/embed.js\"><\/script><script async src=\"\/\/www.tiktok.com\/embed.js\"><\/script><\/p>\n","protected":false},"excerpt":{"rendered":"Ozzy Osbourne nos deixou no \u00faltimo dia 22 de julho, semanas ap\u00f3s se despedir dos palcos com o&hellip;\n","protected":false},"author":2,"featured_media":92389,"comment_status":"","ping_status":"","sticky":false,"template":"","format":"standard","meta":{"footnotes":""},"categories":[141],"tags":[23042,114,115,149,150,238,32,33],"class_list":{"0":"post-92388","1":"post","2":"type-post","3":"status-publish","4":"format-standard","5":"has-post-thumbnail","7":"category-musica","8":"tag-andrew-watt","9":"tag-entertainment","10":"tag-entretenimento","11":"tag-music","12":"tag-musica","13":"tag-ozzy-osbourne","14":"tag-portugal","15":"tag-pt"},"share_on_mastodon":{"url":"","error":""},"_links":{"self":[{"href":"https:\/\/www.europesays.com\/pt\/wp-json\/wp\/v2\/posts\/92388","targetHints":{"allow":["GET"]}}],"collection":[{"href":"https:\/\/www.europesays.com\/pt\/wp-json\/wp\/v2\/posts"}],"about":[{"href":"https:\/\/www.europesays.com\/pt\/wp-json\/wp\/v2\/types\/post"}],"author":[{"embeddable":true,"href":"https:\/\/www.europesays.com\/pt\/wp-json\/wp\/v2\/users\/2"}],"replies":[{"embeddable":true,"href":"https:\/\/www.europesays.com\/pt\/wp-json\/wp\/v2\/comments?post=92388"}],"version-history":[{"count":0,"href":"https:\/\/www.europesays.com\/pt\/wp-json\/wp\/v2\/posts\/92388\/revisions"}],"wp:featuredmedia":[{"embeddable":true,"href":"https:\/\/www.europesays.com\/pt\/wp-json\/wp\/v2\/media\/92389"}],"wp:attachment":[{"href":"https:\/\/www.europesays.com\/pt\/wp-json\/wp\/v2\/media?parent=92388"}],"wp:term":[{"taxonomy":"category","embeddable":true,"href":"https:\/\/www.europesays.com\/pt\/wp-json\/wp\/v2\/categories?post=92388"},{"taxonomy":"post_tag","embeddable":true,"href":"https:\/\/www.europesays.com\/pt\/wp-json\/wp\/v2\/tags?post=92388"}],"curies":[{"name":"wp","href":"https:\/\/api.w.org\/{rel}","templated":true}]}}