{"id":92414,"date":"2025-09-30T00:35:11","date_gmt":"2025-09-30T00:35:11","guid":{"rendered":"https:\/\/www.europesays.com\/pt\/92414\/"},"modified":"2025-09-30T00:35:11","modified_gmt":"2025-09-30T00:35:11","slug":"chris-flores-explica-afastamento-da-tv-por-causa-de-doenca-do-pai-ele-precisava-de-mim","status":"publish","type":"post","link":"https:\/\/www.europesays.com\/pt\/92414\/","title":{"rendered":"Chris Flores explica afastamento da TV por causa de doen\u00e7a do pai: &#8216;Ele precisava de mim&#8217;"},"content":{"rendered":"<p><strong>Chris Flores<\/strong>, a <a href=\"https:\/\/caras.com.br\/tv\/apos-dois-anos-fora-do-ar-chris-flores-fecha-com-emissora-e-volta-para-a-tv.phtml\" rel=\"nofollow noopener\" target=\"_blank\">nova apresentadora do programa Melhor da Tarde<\/a>, da Band, participou nesta segunda-feira, 29, do Jornal dos Famosos, comandado por Leo Dias, e falou sobre sua decis\u00e3o de ficar afastada por dois anos da televis\u00e3o ap\u00f3s deixar o Fofocalizando, do SBT.<\/p>\n<p>Durante a entrevista, a apresentadora revelou que estava enfrentando um momento delicado em sua vida pessoal, cuidando do pai, <strong>Gilberto Vallad\u00e3o Flores<\/strong>, que sofre com uma doen\u00e7a degenerativa. \u201cEra um momento muito delicado que eu tava vivendo na minha vida pessoal, inclusive, sabe?\u201d, come\u00e7ou.<\/p>\n<p>\u201cMeu pai tem uma doen\u00e7a degenerativa. Isso eu nunca contei para ningu\u00e9m, \u00e9 a primeira vez que eu t\u00f4 falando, porque eu sou uma pessoa muito reservada, n\u00e9? E eu entendi que aquele momento era um momento que ele precisava de mim. E fazer o programa ao vivo, di\u00e1rio ali, eu n\u00e3o tava tendo tempo nem para mim e nem para cuidar de quem precisava ser cuidado\u201d, contou.<\/p>\n<p>\u201cE eu n\u00e3o sei quanto tempo o meu pai vai durar, mas eu quero que enquanto ele estiver aqui, ele tenha muito amor, muita luz e muita dignidade. Porque uma doen\u00e7a degenerativa \u00e9 como uma pessoa apagando a luzinha, sabe? Ent\u00e3o, eu quero ver essa luzinha at\u00e9 o final com muito amor, muito amor\u201d, acrescentou.<\/p>\n<p>Ainda durante a atra\u00e7\u00e3o, Chris Flores negou que tenha sa\u00eddo do Fofocalizando por causa de desentendimentos com Leo Dias ou com outro apresentador da atra\u00e7\u00e3o.<\/p>\n<p>\u201cQuando eu disse que naquele momento n\u00e3o fazia sentido para mim, eu n\u00e3o disse que o programa era ruim, eu n\u00e3o disse que as pessoas que trabalhavam comigo [eram ruins], porque eles foram os primeiros a saber. Eu falei com eles primeiro: \u2018Gente, eu n\u00e3o t\u00f4 aguentando mais. Eu vou precisar sair. Eu preciso dessa pausa na minha vida. N\u00e3o t\u00e1 dando para mim\u2019. Tanto que tem a cena dele [Leo Dias] pedindo para eu ficar\u201d, explicou.<\/p>\n<p>\u201cN\u00e3o existe isso. N\u00e3o foi por sua causa\u2026 Nunca na vida, n\u00e3o tive problema nenhum com ningu\u00e9m, nem com quem tava no ar, nem com quem tava nos bastidores, nem com dire\u00e7\u00e3o do SBT. Eu sa\u00ed de l\u00e1 com muitos elogios, com muito amor, com muita luz. A Dani [Daniela Beyruti \u2013 Diretora-executiva e Presidente do SBT] foi extremamente querida comigo. Me passou um texto desse tamanho falando do pai dela, o que ele achava de mim, do meu trabalho. N\u00e3o vou ler, n\u00e3o vou publicar, nada disso.\u00a0Jamais falarei mal de qualquer emissora por onde eu tenha passado. Eu s\u00f3 tenho gratid\u00e3o mesmo\u201d, acrescentou.<\/p>\n<p>\u201cEnt\u00e3o assim, eu sa\u00ed porque naquele momento eu precisava. N\u00e3o estava renegando o meu passado, nunca vou renegar de maneira nenhuma, mas naquele momento n\u00e3o fazia sentido para mim estar falando sobre fofoca, porque eu estava vivendo uma dor muito grande. Dentro da minha casa, pessoal, cuidando do meu pai. Eu n\u00e3o conseguia. Sabe quando voc\u00ea n\u00e3o consegue julgar os outros?\u00a0Eu estava com a cabe\u00e7a muito mexida\u201d, completou.<\/p>\n<p><strong>Leia tamb\u00e9m:\u00a0<\/strong> <a href=\"https:\/\/caras.com.br\/bem-estar\/carol-castro-revela-diagnostico-de-doenca-cronica-muitas-dores.phtml\" rel=\"nofollow noopener\" target=\"_blank\">Carol Castro revela diagn\u00f3stico de doen\u00e7a cr\u00f4nica: \u2018Muitas dores\u2019<\/a><\/p>\n<p>        <a href=\"https:\/\/caras.com.br\/autor\/daniela-santos\" rel=\"nofollow noopener\" target=\"_blank\">&#13;<br \/>\n          <img loading=\"lazy\" decoding=\"async\" alt=\"Daniela Santos\" src=\"https:\/\/www.europesays.com\/pt\/wp-content\/uploads\/2025\/09\/1758949148_187_daniela-santos_sqmd.jpg\" class=\"avatar avatar-115 photo rounded-circle\" height=\"115\" width=\"115\"\/>        <\/a><\/p>\n<p><b>Daniela Santos<\/b> \u00e9 rep\u00f3rter do site CARAS. Formada em jornalismo pela FIAM FAAM, atua na \u00e1rea de celebridades e TV desde 2018<\/p>\n","protected":false},"excerpt":{"rendered":"Chris Flores, a nova apresentadora do programa Melhor da Tarde, da Band, participou nesta segunda-feira, 29, do Jornal&hellip;\n","protected":false},"author":2,"featured_media":92415,"comment_status":"","ping_status":"","sticky":false,"template":"","format":"standard","meta":{"footnotes":""},"categories":[145],"tags":[211,210,23046,4357,114,115,1389,10562,32,33,117],"class_list":{"0":"post-92414","1":"post","2":"type-post","3":"status-publish","4":"format-standard","5":"has-post-thumbnail","7":"category-celebridades","8":"tag-celebridades","9":"tag-celebrities","10":"tag-chrs-flores","11":"tag-doenca","12":"tag-entertainment","13":"tag-entretenimento","14":"tag-leo-dias","15":"tag-pai","16":"tag-portugal","17":"tag-pt","18":"tag-saude"},"share_on_mastodon":{"url":"","error":""},"_links":{"self":[{"href":"https:\/\/www.europesays.com\/pt\/wp-json\/wp\/v2\/posts\/92414","targetHints":{"allow":["GET"]}}],"collection":[{"href":"https:\/\/www.europesays.com\/pt\/wp-json\/wp\/v2\/posts"}],"about":[{"href":"https:\/\/www.europesays.com\/pt\/wp-json\/wp\/v2\/types\/post"}],"author":[{"embeddable":true,"href":"https:\/\/www.europesays.com\/pt\/wp-json\/wp\/v2\/users\/2"}],"replies":[{"embeddable":true,"href":"https:\/\/www.europesays.com\/pt\/wp-json\/wp\/v2\/comments?post=92414"}],"version-history":[{"count":0,"href":"https:\/\/www.europesays.com\/pt\/wp-json\/wp\/v2\/posts\/92414\/revisions"}],"wp:featuredmedia":[{"embeddable":true,"href":"https:\/\/www.europesays.com\/pt\/wp-json\/wp\/v2\/media\/92415"}],"wp:attachment":[{"href":"https:\/\/www.europesays.com\/pt\/wp-json\/wp\/v2\/media?parent=92414"}],"wp:term":[{"taxonomy":"category","embeddable":true,"href":"https:\/\/www.europesays.com\/pt\/wp-json\/wp\/v2\/categories?post=92414"},{"taxonomy":"post_tag","embeddable":true,"href":"https:\/\/www.europesays.com\/pt\/wp-json\/wp\/v2\/tags?post=92414"}],"curies":[{"name":"wp","href":"https:\/\/api.w.org\/{rel}","templated":true}]}}