{"id":92422,"date":"2025-09-30T00:41:17","date_gmt":"2025-09-30T00:41:17","guid":{"rendered":"https:\/\/www.europesays.com\/pt\/92422\/"},"modified":"2025-09-30T00:41:17","modified_gmt":"2025-09-30T00:41:17","slug":"rally-raid-portugal-ultimos-103-km-decidem-vencedores-e-um-titulo-mundial","status":"publish","type":"post","link":"https:\/\/www.europesays.com\/pt\/92422\/","title":{"rendered":"Rally Raid Portugal: \u00faltimos 103 Km decidem vencedores e um t\u00edtulo mundial"},"content":{"rendered":"<p>Ap\u00f3s cinco intensos dias de competi\u00e7\u00e3o e mais de 1.400 quil\u00f3metros percorridos por estrad\u00f5es de terra do Alentejo, Ribatejo e Estremadura Espanhola, o bp Ultimate Rally Raid Portugal aproxima-se do seu cl\u00edmax. A derradeira etapa, com 103 quil\u00f3metros cronometrados nos concelhos de Coruche e Salvaterra de Magos, promete ser um verdadeiro teste de nervos, onde segundos e minutos de vantagem podem ditar destinos, tanto na luta pela vit\u00f3ria da prova como na consagra\u00e7\u00e3o de campe\u00f5es mundiais.<\/p>\n<p><img loading=\"lazy\" decoding=\"async\" width=\"1289\" height=\"762\" data-lazy-type=\"image\" src=\"https:\/\/www.europesays.com\/pt\/wp-content\/uploads\/2025\/09\/henk-lategan.jpg\" alt=\"\" class=\"lazy lazy-hidden wp-image-726956\"\/><\/p>\n<p><strong>A batalha dos autos: duelo de segundos<\/strong><\/p>\n<p>A emo\u00e7\u00e3o atinge o ponto alto na categoria dos Autos, onde apenas 34 segundos separam os dois primeiros classificados. O brasileiro Lucas Moraes e o sul-africano Henk Lategan, ambos ao volante de Toyota Hilux T1+ EVO, protagonizam um duelo ao cron\u00f3metro que se adivinha memor\u00e1vel.<\/p>\n<p>A tens\u00e3o \u00e9 palp\u00e1vel, com cada curva e cada acelera\u00e7\u00e3o ou erro a poderem ser decisivas. Ontem, a Dacia demonstrou o seu poderio, com Nasser Al Attiyah a vencer a etapa e S\u00e9bastien Loeb a refor\u00e7ar a presen\u00e7a da equipa no p\u00f3dio provis\u00f3rio. No entanto, a sorte n\u00e3o sorriu a todos, com o espanhol Carlos Sainz e o portugu\u00eas Jo\u00e3o Ferreira a serem for\u00e7ados a abandonar a prova devido a problemas mec\u00e2nicos, apesar de Ferreira ter reafirmado o seu talento promissor.<\/p>\n<p><strong>Esperan\u00e7as lusas: t\u00edtulos em casa e no Campeonato do Mundo<\/strong><\/p>\n<p>Para os entusiastas portugueses, a \u00faltima etapa do rali raid \u00e9 carregada de expectativas, com a possibilidade de tr\u00eas pilotos nacionais se sagrarem vencedores ou, no caso de Alexandre Pinto, campe\u00e3o do mundo.<\/p>\n<p><strong>Gon\u00e7alo Guerreiro: rumo \u00e0 vit\u00f3ria na categoria Challenger<\/strong><\/p>\n<p>Gon\u00e7alo Guerreiro (Taurus Evo Max) tem vindo a demonstrar um ritmo arrasador, posicionando-se como o 11.\u00ba da geral e liderando a categoria Challenger com uma vantagem confort\u00e1vel de mais de 15 minutos. A sua performance consistente ao longo da prova, mesmo com as dificuldades enfrentadas em Espanha e um pequeno incidente com a roda traseira, coloca-o numa posi\u00e7\u00e3o privilegiada para conquistar a vit\u00f3ria. A estrat\u00e9gia para o \u00faltimo dia ser\u00e1, naturalmente, gerir a vantagem e assegurar a chegada \u00e0 meta.<\/p>\n<p><img loading=\"lazy\" decoding=\"async\" width=\"505\" height=\"355\" data-lazy-type=\"image\" src=\"https:\/\/www.europesays.com\/pt\/wp-content\/uploads\/2025\/09\/bernardo-oliveira-e-alexandre-pinto-medalhados-1.jpg\" alt=\"\" class=\"lazy lazy-hidden wp-image-728876\" style=\"width:357px;height:auto\"\/><\/p>\n<p><strong>Jo\u00e3o Dias e Alexandre Pinto: t\u00edtulo mundial SSV \u00e0 porta<\/strong><\/p>\n<p>Na categoria SSV, o portugu\u00eas Jo\u00e3o Dias det\u00e9m uma vantagem de 16m42s sobre Alexandre Pinto, o que o coloca como o forte candidato \u00e0 vit\u00f3ria da prova.<\/p>\n<p>Contudo, \u00e9 Alexandre Pinto (Polaris) que se encontra \u00e0 beira de uma conquista ainda maior: o t\u00edtulo de campe\u00e3o do mundo de SSV. Mesmo estando em segundo lugar na classifica\u00e7\u00e3o da prova, a sua performance ao longo do campeonato e a gest\u00e3o da corrida colocam-no em excelente posi\u00e7\u00e3o para selar este feito hist\u00f3rico para Portugal. A \u00faltima etapa ser\u00e1 crucial para ambos, com Jo\u00e3o Dias a procurar confirmar a vit\u00f3ria na prova e Alexandre Pinto a materializar o sonho do t\u00edtulo mundial.<\/p>\n<p>Os 103 quil\u00f3metros finais n\u00e3o ser\u00e3o apenas um percurso contra o cron\u00f3metro, mas um palco para a demonstra\u00e7\u00e3o de per\u00edcia, resist\u00eancia e estrat\u00e9gia, onde o desfecho promete ser t\u00e3o emocionante quanto imprevis\u00edvel. A import\u00e2ncia do bp Ultimate Rally Raid Portugal no calend\u00e1rio do Campeonato do Mundo de Rally Raid sublinha o prest\u00edgio e o desafio que esta prova representa, atraindo os melhores pilotos e equipas a um dos cen\u00e1rios mais emblem\u00e1ticos da modalidade.<\/p>\n<p>Nasser Al Attiyah (The Dacia Sandriders) dar\u00e1 in\u00edcio \u00e0 prova autom\u00f3vel a partir das 11h15. <\/p>\n<p>Os concorrentes ser\u00e3o homenageados no p\u00f3dio final montado ao p\u00e9 do Padr\u00e3o dos Descobrimentos, que celebra os navegadores portugueses, a partir das 12h45 para os autom\u00f3veis e das 15h para as motos.<\/p>\n<p><img loading=\"lazy\" decoding=\"async\" width=\"1500\" height=\"1000\" data-lazy-type=\"image\" src=\"https:\/\/www.europesays.com\/pt\/wp-content\/uploads\/2025\/09\/alexandre-pinto-na-3a-etapa-do-bp-ultimate-rally-raid-portugal.jpg\" alt=\"\" class=\"lazy lazy-hidden wp-image-728877\"\/><\/p>\n","protected":false},"excerpt":{"rendered":"Ap\u00f3s cinco intensos dias de competi\u00e7\u00e3o e mais de 1.400 quil\u00f3metros percorridos por estrad\u00f5es de terra do Alentejo,&hellip;\n","protected":false},"author":2,"featured_media":88036,"comment_status":"","ping_status":"","sticky":false,"template":"","format":"standard","meta":{"footnotes":""},"categories":[87],"tags":[135,1162,32,33,20322,134,18889,20323],"class_list":{"0":"post-92422","1":"post","2":"type-post","3":"status-publish","4":"format-standard","5":"has-post-thumbnail","7":"category-desporto","8":"tag-desporto","9":"tag-destaque-homepage","10":"tag-portugal","11":"tag-pt","12":"tag-rally-raid-portugal","13":"tag-sports","14":"tag-tt","15":"tag-w2rc"},"share_on_mastodon":{"url":"","error":""},"_links":{"self":[{"href":"https:\/\/www.europesays.com\/pt\/wp-json\/wp\/v2\/posts\/92422","targetHints":{"allow":["GET"]}}],"collection":[{"href":"https:\/\/www.europesays.com\/pt\/wp-json\/wp\/v2\/posts"}],"about":[{"href":"https:\/\/www.europesays.com\/pt\/wp-json\/wp\/v2\/types\/post"}],"author":[{"embeddable":true,"href":"https:\/\/www.europesays.com\/pt\/wp-json\/wp\/v2\/users\/2"}],"replies":[{"embeddable":true,"href":"https:\/\/www.europesays.com\/pt\/wp-json\/wp\/v2\/comments?post=92422"}],"version-history":[{"count":0,"href":"https:\/\/www.europesays.com\/pt\/wp-json\/wp\/v2\/posts\/92422\/revisions"}],"wp:featuredmedia":[{"embeddable":true,"href":"https:\/\/www.europesays.com\/pt\/wp-json\/wp\/v2\/media\/88036"}],"wp:attachment":[{"href":"https:\/\/www.europesays.com\/pt\/wp-json\/wp\/v2\/media?parent=92422"}],"wp:term":[{"taxonomy":"category","embeddable":true,"href":"https:\/\/www.europesays.com\/pt\/wp-json\/wp\/v2\/categories?post=92422"},{"taxonomy":"post_tag","embeddable":true,"href":"https:\/\/www.europesays.com\/pt\/wp-json\/wp\/v2\/tags?post=92422"}],"curies":[{"name":"wp","href":"https:\/\/api.w.org\/{rel}","templated":true}]}}