{"id":92454,"date":"2025-09-30T01:21:09","date_gmt":"2025-09-30T01:21:09","guid":{"rendered":"https:\/\/www.europesays.com\/pt\/92454\/"},"modified":"2025-09-30T01:21:09","modified_gmt":"2025-09-30T01:21:09","slug":"o-que-exatamente-kiko-loureiro-fez-no-dystopia-do-megadeth-segundo-chris-adler","status":"publish","type":"post","link":"https:\/\/www.europesays.com\/pt\/92454\/","title":{"rendered":"O que exatamente Kiko Loureiro fez no &#8220;Dystopia&#8221; do Megadeth, segundo Chris Adler"},"content":{"rendered":"<p>Chris Adler, ex-baterista do <a href=\"https:\/\/whiplash.net\/bandas\/l\/lambofgod.html\" class=\"hotwords\" rel=\"nofollow noopener\" target=\"_blank\">Lamb Of God<\/a>, participou brevemente do <a href=\"https:\/\/whiplash.net\/bandas\/m\/megadeth.html\" class=\"hotwords\" rel=\"nofollow noopener\" target=\"_blank\">Megadeth<\/a> entre 2015 e 2016. Apesar do pouco tempo na banda, ele afirma ter tido um papel decisivo na cria\u00e7\u00e3o de Dystopia (2016), disco que marcou uma retomada de f\u00f4lego na carreira do grupo liderado por <a href=\"https:\/\/whiplash.net\/bandas\/d\/davemustaine.html\" class=\"hotwords\" rel=\"nofollow noopener\" target=\"_blank\">Dave Mustaine<\/a>.<\/p>\n<p>Em entrevista ao <a href=\"https:\/\/youtu.be\/0mZcDXXWjk4\" rel=\"nofollow noopener\" target=\"_blank\">The Classic Metal Show<\/a>, transcrita pelo <a href=\"https:\/\/www.ultimate-guitar.com\/news\/general_music_news\/chris-adler-claims-he-and-dave-mustaine-wrote-entire-dystopia-album-together-recalls-kiko-loureiros-hiring\/\" rel=\"nofollow noopener\" target=\"_blank\">Ultimate Guitar<\/a>, Adler contou que foi surpreendido pelo convite de Mustaine enquanto gravava com o Lamb Of God: &#8220;Eu estava em Los Angeles gravando as baterias de Sturm und Drang e recebi uma liga\u00e7\u00e3o \u00e0s cinco da manh\u00e3. Ele \u00e9 madrugador. Dave disse: &#8216;Lembro de termos nos encontrado, voc\u00ea \u00e9 legal, muita gente tem falado coisas boas sobre voc\u00ea. Gostaria de fazer um disco de thrash comigo?&#8217; Eu fiquei pulando de alegria. Eles tinham lan\u00e7ado Super Collider, que foi uma grande decep\u00e7\u00e3o, e pensei: &#8216;Sim, quero colocar voc\u00ea de volta nos trilhos&#8217;.&#8221;<\/p>\n<p><a href=\"https:\/\/whiplash.net\/bandas\/m\/megadeth.html\" class=\"linkBotao\" rel=\"nofollow noopener\" target=\"_blank\">Megadeth &#8211; Mais Novidades<\/a><\/p>\n<p>CONTINUA DEPOIS DA PUBLICIDADE &#8211; CLI<\/p>\n<p>&#13;<br \/>\n&#13;<br \/>\n&#13;<br \/>\n&#13;<br \/>\n&#13;<br \/>\n&#13;<br \/>\n&#13;<br \/>\n&#13;<br \/>\n<a href=\"https:\/\/whiplash.net\/materias\/whiplash\/027002.html\" rel=\"nofollow noopener\" target=\"_blank\"><img decoding=\"async\" src=\"https:\/\/www.europesays.com\/pt\/wp-content\/uploads\/2025\/09\/1759194427_809_anunciar_diabo_336x280.gif\" loading=\"lazy\" width=\"336\" height=\"280\" class=\"widthConstrained\" style=\"background-color:#000000;display:block;\" alt=\"Anunciar bandas e shows de Rock e Heavy Metal\"\/><\/a>&#13;<\/p>\n<p><a target=\"_blank\" href=\"https:\/\/www.europesays.com\/pt\/wp-content\/uploads\/2025\/09\/kikoloureiro_megadeth__por_travis_shinn_via_toplink.jpg\"><img loading=\"lazy\" decoding=\"async\" src=\"https:\/\/www.europesays.com\/pt\/wp-content\/uploads\/2025\/09\/kikoloureiro_megadeth__por_travis_shinn_via_toplink.jpg\" class=\"widthConstrained\" width=\"700\" height=\"516\" alt=\"Foto: Travis Shinn\"\/><\/a>Foto: Travis Shinn<\/p>\n<p>Ap\u00f3s terminar suas obriga\u00e7\u00f5es com o <a href=\"https:\/\/whiplash.net\/bandas\/l\/lambofgod.html\" class=\"hotwords\" rel=\"nofollow noopener\" target=\"_blank\">Lamb Of God<\/a>, Adler embarcou para Nashville, onde iniciou um per\u00edodo intenso de trabalho com Mustaine. &#8220;Ele me levou para Nashville, alugou uma casa por uns tr\u00eas meses, e era s\u00f3 eu e ele. No fim desse per\u00edodo, o Kiko [Loureiro] foi chamado.&#8221;<\/p>\n<p>CONTINUA DEPOIS DA PUBLICIDADE &#8211; GOO<\/p>\n<p>&#13;<br \/>\n&#13;<br \/>\n&#13;<br \/>\n&#13;<br \/>\n<a href=\"https:\/\/whiplash.net\/materias\/whiplash\/027002.html\" rel=\"nofollow noopener\" target=\"_blank\"><img decoding=\"async\" src=\"https:\/\/www.europesays.com\/pt\/wp-content\/uploads\/2025\/09\/1759194427_809_anunciar_diabo_336x280.gif\" loading=\"lazy\" width=\"336\" height=\"280\" alt=\"Anunciar no Whiplash.Net\"\/><\/a>&#13;<br \/>\n&#13;<br \/>\n&#13;<br \/>\n&#13;<br \/>\n&#13;<br \/>\n&#13;<br \/>\n<a href=\"https:\/\/whiplash.net\/materias\/whiplash\/027002.html\" rel=\"nofollow noopener\" target=\"_blank\"><img decoding=\"async\" src=\"https:\/\/www.europesays.com\/pt\/wp-content\/uploads\/2025\/09\/1759194427_809_anunciar_diabo_336x280.gif\" loading=\"lazy\" width=\"336\" height=\"280\" class=\"widthConstrained\" style=\"background-color:#000000;display:block;\" alt=\"Anunciar bandas e shows de Rock e Heavy Metal\"\/><\/a>&#13;<\/p>\n<p>Segundo Adler, o guitarrista brasileiro entrou apenas para registrar solos, enquanto <a href=\"https:\/\/whiplash.net\/bandas\/d\/davidellefson.html\" class=\"hotwords\" rel=\"nofollow noopener\" target=\"_blank\">David Ellefson<\/a> gravou os baixos j\u00e1 na reta final da produ\u00e7\u00e3o. Mustaine, por sua vez, assinou a maioria das composi\u00e7\u00f5es no encarte, mas o baterista garante que seu envolvimento foi muito maior: &#8220;Basicamente, Dave e eu escrevemos todo aquele disco. Eu ficava dizendo: &#8216;Isso tem que ser mais pesado!&#8217;. Fui muito insistente nisso, mas acho que ele valorizou. As m\u00fasicas ficaram incr\u00edveis e o \u00e1lbum foi muito bem.&#8221;<\/p>\n<p>Apesar do sucesso &#8211; &#8220;Dystopia&#8221; rendeu ao <a href=\"https:\/\/whiplash.net\/bandas\/m\/megadeth.html\" class=\"hotwords\" rel=\"nofollow noopener\" target=\"_blank\">Megadeth<\/a> o Grammy de &#8220;Melhor Performance de Metal&#8221; com a faixa-t\u00edtulo -, Adler deixou a banda em 2016. Sua passagem foi curta, mas, de acordo com o pr\u00f3prio, marcada por uma contribui\u00e7\u00e3o criativa que n\u00e3o foi oficialmente creditada.<\/p>\n<p>CONTINUA DEPOIS DA PUBLICIDADE &#8211; CLI<\/p>\n<p>&#13;<br \/>\n&#13;<br \/>\n&#13;<br \/>\n&#13;<br \/>\n&#13;<br \/>\n&#13;<br \/>\n&#13;<br \/>\n&#13;<br \/>\n<a href=\"https:\/\/whiplash.net\/materias\/whiplash\/027002.html\" rel=\"nofollow noopener\" target=\"_blank\"><img decoding=\"async\" src=\"https:\/\/www.europesays.com\/pt\/wp-content\/uploads\/2025\/09\/1759194427_809_anunciar_diabo_336x280.gif\" loading=\"lazy\" width=\"336\" height=\"280\" class=\"widthConstrained\" style=\"background-color:#000000;display:block;\" alt=\"Anunciar bandas e shows de Rock e Heavy Metal\"\/><\/a>&#13;<\/p>\n","protected":false},"excerpt":{"rendered":"Chris Adler, ex-baterista do Lamb Of God, participou brevemente do Megadeth entre 2015 e 2016. Apesar do pouco&hellip;\n","protected":false},"author":2,"featured_media":92455,"comment_status":"","ping_status":"","sticky":false,"template":"","format":"standard","meta":{"footnotes":""},"categories":[141],"tags":[114,115,149,150,32,33],"class_list":{"0":"post-92454","1":"post","2":"type-post","3":"status-publish","4":"format-standard","5":"has-post-thumbnail","7":"category-musica","8":"tag-entertainment","9":"tag-entretenimento","10":"tag-music","11":"tag-musica","12":"tag-portugal","13":"tag-pt"},"share_on_mastodon":{"url":"","error":""},"_links":{"self":[{"href":"https:\/\/www.europesays.com\/pt\/wp-json\/wp\/v2\/posts\/92454","targetHints":{"allow":["GET"]}}],"collection":[{"href":"https:\/\/www.europesays.com\/pt\/wp-json\/wp\/v2\/posts"}],"about":[{"href":"https:\/\/www.europesays.com\/pt\/wp-json\/wp\/v2\/types\/post"}],"author":[{"embeddable":true,"href":"https:\/\/www.europesays.com\/pt\/wp-json\/wp\/v2\/users\/2"}],"replies":[{"embeddable":true,"href":"https:\/\/www.europesays.com\/pt\/wp-json\/wp\/v2\/comments?post=92454"}],"version-history":[{"count":0,"href":"https:\/\/www.europesays.com\/pt\/wp-json\/wp\/v2\/posts\/92454\/revisions"}],"wp:featuredmedia":[{"embeddable":true,"href":"https:\/\/www.europesays.com\/pt\/wp-json\/wp\/v2\/media\/92455"}],"wp:attachment":[{"href":"https:\/\/www.europesays.com\/pt\/wp-json\/wp\/v2\/media?parent=92454"}],"wp:term":[{"taxonomy":"category","embeddable":true,"href":"https:\/\/www.europesays.com\/pt\/wp-json\/wp\/v2\/categories?post=92454"},{"taxonomy":"post_tag","embeddable":true,"href":"https:\/\/www.europesays.com\/pt\/wp-json\/wp\/v2\/tags?post=92454"}],"curies":[{"name":"wp","href":"https:\/\/api.w.org\/{rel}","templated":true}]}}