{"id":92462,"date":"2025-09-30T01:31:24","date_gmt":"2025-09-30T01:31:24","guid":{"rendered":"https:\/\/www.europesays.com\/pt\/92462\/"},"modified":"2025-09-30T01:31:24","modified_gmt":"2025-09-30T01:31:24","slug":"na-reta-final-da-gravidez-cara-da-tvi-responde-a-letra-a-seguidor-o-ganho-de-peso-varia-consoante-as-pessoas","status":"publish","type":"post","link":"https:\/\/www.europesays.com\/pt\/92462\/","title":{"rendered":"Na reta final da gravidez, cara da TVI responde \u00e0 letra a seguidor: \u00abO ganho de peso varia consoante as pessoas&#8230;\u00bb"},"content":{"rendered":"<p data-end=\"678\" data-start=\"249\">Sara Sousa Pinto, jornalista e piv\u00f4 da TVI, est\u00e1 em plena reta final da sua terceira gravidez e n\u00e3o hesitou em responder com firmeza a um coment\u00e1rio sobre o aumento de peso gestacional. Num v\u00eddeo recente, onde mostra a sua barriga gr\u00e1vida, ela legendaria: \u201cQue absurdo, ser\u00e1 que n\u00e3o v\u00ea que a fila \u00e9 priorit\u00e1ria?\u201d e acrescentou: \u201cQuase no \u00faltimo m\u00eas e posso dizer que s\u00f3 me deram prioridade uma vez. E n\u00e3o, n\u00e3o \u00e9 porque n\u00e3o se note \ud83e\udd21\u201d.<\/p>\n<p data-end=\"908\" data-start=\"680\">Numa das intera\u00e7\u00f5es nos coment\u00e1rios, um utilizador escreveu: \u201cGrande e bonita barriga. Sara n\u00e3o \u00e9 preciso engordar muito. 12 kgs s\u00e3o suficientes. N\u00e3o \u00e9 preciso chegar aos 20 kgs. Beijinhos \u2764\ufe0f\ud83d\ude4c\ud83d\ude0d\u201d. \u00c0quilo, Sara Pinto respondeu:<\/p>\n<blockquote data-end=\"1251\" data-start=\"910\">\n<p data-end=\"1251\" data-start=\"912\">\u201co ganho de peso varia consoante as pessoas, o seu peso inicial e n\u00e3o o que se come, ao contr\u00e1rio do que se pensa. J\u00e1 passei os 12 kg h\u00e1 muito e de acordo com o meu peso inicial seria perfeitamente aceit\u00e1vel chegar aos 20. O que escreveu ilustra desconhecimento e pode deixar mal muitas mulheres que se debatem com coment\u00e1rios como esses.\u201d<\/p>\n<\/blockquote>\n<p data-end=\"384\" data-start=\"187\">Aos 30 anos, Sara Sousa Pinto prepara-se para ser m\u00e3e pela primeira vez. A jornalista, conhecida pelo seu trabalho na TVI e atualmente \u00e0 frente do projeto \u201cMarcas com Sustentabilidade\u201d na CNN Portugal, revelou a novidade no Instagram, no in\u00edcio de junho, com uma sess\u00e3o fotogr\u00e1fica na Serra de Montejunto, onde surge ao lado do companheiro de longa data, Jorge Rocha, e da cadela da fam\u00edlia. Na legenda, escreveu: \u201c14 anos e meia volta ao mundo depois, a melhor viagem come\u00e7a agora\u201d.<\/p>\n<p data-end=\"545\" data-start=\"386\">Este an\u00fancio ganhou um significado especial, considerando que, em 2022, Sara enfrentou um problema de sa\u00fade neurol\u00f3gico que a afastou temporariamente da televis\u00e3o. Agora, vive um dos momentos mais felizes da sua vida.<\/p>\n","protected":false},"excerpt":{"rendered":"Sara Sousa Pinto, jornalista e piv\u00f4 da TVI, est\u00e1 em plena reta final da sua terceira gravidez e&hellip;\n","protected":false},"author":2,"featured_media":92463,"comment_status":"","ping_status":"","sticky":false,"template":"","format":"standard","meta":{"footnotes":""},"categories":[145],"tags":[73,72,66,211,210,114,115,77,69,1041,75,71,67,32,33,23051,76,74,70,35,162,78,68],"class_list":{"0":"post-92462","1":"post","2":"type-post","3":"status-publish","4":"format-standard","5":"has-post-thumbnail","7":"category-celebridades","8":"tag-a-jornada","9":"tag-bate-bola","10":"tag-bom-dia-alegria","11":"tag-celebridades","12":"tag-celebrities","13":"tag-entertainment","14":"tag-entretenimento","15":"tag-estudio-estadio","16":"tag-fanaticos","17":"tag-gravidez","18":"tag-livre-e-direto","19":"tag-nova-geracao","20":"tag-para-si","21":"tag-portugal","22":"tag-pt","23":"tag-sara-sousa-pinto","24":"tag-segredos-do-prazer","25":"tag-segue-o-jogo","26":"tag-super-craques","27":"tag-transferencias","28":"tag-tvi","29":"tag-v-fama","30":"tag-var-aberto"},"share_on_mastodon":{"url":"","error":""},"_links":{"self":[{"href":"https:\/\/www.europesays.com\/pt\/wp-json\/wp\/v2\/posts\/92462","targetHints":{"allow":["GET"]}}],"collection":[{"href":"https:\/\/www.europesays.com\/pt\/wp-json\/wp\/v2\/posts"}],"about":[{"href":"https:\/\/www.europesays.com\/pt\/wp-json\/wp\/v2\/types\/post"}],"author":[{"embeddable":true,"href":"https:\/\/www.europesays.com\/pt\/wp-json\/wp\/v2\/users\/2"}],"replies":[{"embeddable":true,"href":"https:\/\/www.europesays.com\/pt\/wp-json\/wp\/v2\/comments?post=92462"}],"version-history":[{"count":0,"href":"https:\/\/www.europesays.com\/pt\/wp-json\/wp\/v2\/posts\/92462\/revisions"}],"wp:featuredmedia":[{"embeddable":true,"href":"https:\/\/www.europesays.com\/pt\/wp-json\/wp\/v2\/media\/92463"}],"wp:attachment":[{"href":"https:\/\/www.europesays.com\/pt\/wp-json\/wp\/v2\/media?parent=92462"}],"wp:term":[{"taxonomy":"category","embeddable":true,"href":"https:\/\/www.europesays.com\/pt\/wp-json\/wp\/v2\/categories?post=92462"},{"taxonomy":"post_tag","embeddable":true,"href":"https:\/\/www.europesays.com\/pt\/wp-json\/wp\/v2\/tags?post=92462"}],"curies":[{"name":"wp","href":"https:\/\/api.w.org\/{rel}","templated":true}]}}