{"id":92466,"date":"2025-09-30T01:35:10","date_gmt":"2025-09-30T01:35:10","guid":{"rendered":"https:\/\/www.europesays.com\/pt\/92466\/"},"modified":"2025-09-30T01:35:10","modified_gmt":"2025-09-30T01:35:10","slug":"uma-foto-que-une-nightwish-daiane-dos-santos-sorriso-maroto-e-servia","status":"publish","type":"post","link":"https:\/\/www.europesays.com\/pt\/92466\/","title":{"rendered":"Uma foto que une Nightwish, Daiane dos Santos, Sorriso Maroto e S\u00e9rvia"},"content":{"rendered":"<p>A cantora <a href=\"https:\/\/whiplash.net\/bandas\/a\/anetteolzon.html\" class=\"hotwords\" rel=\"nofollow noopener\" target=\"_blank\">Anette Olzon<\/a>, que fez hist\u00f3ria com o <a href=\"https:\/\/whiplash.net\/bandas\/n\/nightwish.html\" class=\"hotwords\" rel=\"nofollow noopener\" target=\"_blank\">Nightwish<\/a> na \u00e9poca dos \u00e1lbuns &#8220;Dark Passion Play&#8221; e &#8220;Imaginaerum&#8221;, est\u00e1 no Brasil para sua turn\u00ea interpretando os cl\u00e1ssicos que gravou com o grupo finland\u00eas.<\/p>\n<p>Entre as andan\u00e7as da vocalista sueca, a produ\u00e7\u00e3o encontrou tempo para um pit-stop na tradicional churrascaria curitibana Jardins Grill, que curiosamente j\u00e1 havia sido frequentada por ela na ocasi\u00e3o da visita anterior, ainda quando era membro do <a href=\"https:\/\/whiplash.net\/bandas\/n\/nightwish.html\" class=\"hotwords\" rel=\"nofollow noopener\" target=\"_blank\">Nightwish<\/a>.<\/p>\n<p><a href=\"https:\/\/whiplash.net\/bandas\/n\/nightwish.html\" class=\"linkBotao\" rel=\"nofollow noopener\" target=\"_blank\">Nightwish &#8211; Mais Novidades<\/a><br \/><a target=\"_blank\" href=\"https:\/\/www.europesays.com\/pt\/wp-content\/uploads\/2025\/09\/anette_olzon_all_alone_yt.jpg\"><img loading=\"lazy\" decoding=\"async\" src=\"https:\/\/www.europesays.com\/pt\/wp-content\/uploads\/2025\/09\/anette_olzon_all_alone_yt.jpg\" class=\"widthConstrained\" width=\"700\" height=\"495\" alt=\"Foto: Reprodu\u00e7\u00e3o YouTube\"\/><\/a>Foto: Reprodu\u00e7\u00e3o YouTube<\/p>\n<p>CONTINUA DEPOIS DA PUBLICIDADE &#8211; CLI<\/p>\n<p>&#13;<br \/>\n&#13;<br \/>\n&#13;<br \/>\n&#13;<br \/>\n&#13;<br \/>\n&#13;<br \/>\n&#13;<br \/>\n&#13;<br \/>\n<a href=\"https:\/\/whiplash.net\/materias\/whiplash\/027002.html\" rel=\"nofollow noopener\" target=\"_blank\"><img decoding=\"async\" src=\"https:\/\/www.europesays.com\/pt\/wp-content\/uploads\/2025\/09\/1759194427_809_anunciar_diabo_336x280.gif\" loading=\"lazy\" width=\"336\" height=\"280\" class=\"widthConstrained\" style=\"background-color:#000000;display:block;\" alt=\"Anunciar bandas e shows de Rock e Heavy Metal\"\/><\/a>&#13;<\/p>\n<p>O curioso \u00e9 que o recinto abriga uma esp\u00e9cie de sala das placas com todos os famosos que j\u00e1 passaram por l\u00e1. Em post no seu Instagram, Anette aparece apontando \u2013 orgulhosa \u2013 justamente para o seu nome no hall de homenagens.<\/p>\n<p>&#8220;Hoje visitamos o mesmo restaurante em Curitiba que fui com o <a href=\"https:\/\/whiplash.net\/bandas\/n\/nightwish.html\" class=\"hotwords\" rel=\"nofollow noopener\" target=\"_blank\">Nightwish<\/a> em 2008. A comida \u00e9 maravilhosa e me diverti muito. Eu at\u00e9 tenho meu nome na parede do local. Isso n\u00e3o \u00e9 legal?&#8221;, escreveu Anette no post.<\/p>\n<p>O mais curioso \u00e9 que o nome dela est\u00e1 pr\u00f3ximo de outras personalidades que tamb\u00e9m se deliciaram com as carnes do restaurante, como a Sele\u00e7\u00e3o Ol\u00edmpica de V\u00f4lei da S\u00e9rvia, o Cirque du Soleil, o chef Edu Guedes, o grupo de pagode Sorriso Maroto e a ginasta Daiane dos Santos.<\/p>\n<p>CONTINUA DEPOIS DA PUBLICIDADE &#8211; GOO<\/p>\n<p>&#13;<br \/>\n&#13;<br \/>\n&#13;<br \/>\n&#13;<br \/>\n<a href=\"https:\/\/whiplash.net\/materias\/whiplash\/027002.html\" rel=\"nofollow noopener\" target=\"_blank\"><img decoding=\"async\" src=\"https:\/\/www.europesays.com\/pt\/wp-content\/uploads\/2025\/09\/1759194427_809_anunciar_diabo_336x280.gif\" loading=\"lazy\" width=\"336\" height=\"280\" alt=\"Anunciar no Whiplash.Net\"\/><\/a>&#13;<br \/>\n&#13;<br \/>\n&#13;<br \/>\n&#13;<br \/>\n&#13;<br \/>\n&#13;<br \/>\n<a href=\"https:\/\/whiplash.net\/materias\/whiplash\/027002.html\" rel=\"nofollow noopener\" target=\"_blank\"><img decoding=\"async\" src=\"https:\/\/www.europesays.com\/pt\/wp-content\/uploads\/2025\/09\/1759194427_809_anunciar_diabo_336x280.gif\" loading=\"lazy\" width=\"336\" height=\"280\" class=\"widthConstrained\" style=\"background-color:#000000;display:block;\" alt=\"Anunciar bandas e shows de Rock e Heavy Metal\"\/><\/a>&#13;<\/p>\n<p>Navegue na galeria de fotos abaixo para ver a foto citada.<\/p>\n<p>Os shows de Anette Olzon no Brasil<\/p>\n<p>A ex-vocalista do <a href=\"https:\/\/whiplash.net\/bandas\/n\/nightwish.html\" class=\"hotwords\" rel=\"nofollow noopener\" target=\"_blank\">Nightwish<\/a>, <a href=\"https:\/\/whiplash.net\/bandas\/a\/anetteolzon.html\" class=\"hotwords\" rel=\"nofollow noopener\" target=\"_blank\">Anette Olzon<\/a>, desembarcou no Brasil para uma turn\u00ea de sete shows em setembro. O repert\u00f3rio ser\u00e1 centrado nos \u00e1lbuns &#8220;Dark Passion Play&#8221; (2007) e &#8220;Imaginaerum&#8221; (2011), gravados durante sua passagem pela banda, quando substituiu <a href=\"https:\/\/whiplash.net\/bandas\/t\/tarjaturunen.html\" class=\"hotwords\" rel=\"nofollow noopener\" target=\"_blank\">Tarja Turunen<\/a>.<\/p>\n<p>CONTINUA DEPOIS DA PUBLICIDADE &#8211; CLI<\/p>\n<p>&#13;<br \/>\n&#13;<br \/>\n&#13;<br \/>\n&#13;<br \/>\n&#13;<br \/>\n&#13;<br \/>\n&#13;<br \/>\n&#13;<br \/>\n<a href=\"https:\/\/whiplash.net\/materias\/whiplash\/027002.html\" rel=\"nofollow noopener\" target=\"_blank\"><img decoding=\"async\" src=\"https:\/\/www.europesays.com\/pt\/wp-content\/uploads\/2025\/09\/1759194427_809_anunciar_diabo_336x280.gif\" loading=\"lazy\" width=\"336\" height=\"280\" class=\"widthConstrained\" style=\"background-color:#000000;display:block;\" alt=\"Anunciar bandas e shows de Rock e Heavy Metal\"\/><\/a>&#13;<\/p>\n<p>&#8220;Voc\u00eas sabem que n\u00e3o canto essas m\u00fasicas ao vivo desde 2012, ent\u00e3o espero que tenhamos uma noite muito especial juntos&#8221;, declarou Anette em v\u00eddeo nas redes sociais. Entre as m\u00fasicas previstas est\u00e3o &#8220;The Poet and the Pendulum&#8221;, &#8220;Ghost River&#8221;, &#8220;Eva&#8221; e &#8220;Meadows of Heaven&#8221;. As apresenta\u00e7\u00f5es acontecem entre 17 e 29 de setembro, passando por Rio de Janeiro, Recife, Bras\u00edlia, Curitiba, Porto Alegre, S\u00e3o Paulo e Belo Horizonte.<\/p>\n<p>CONTINUA DEPOIS DA PUBLICIDADE &#8211; GOO<\/p>\n<p>&#13;<br \/>\n&#13;<br \/>\n&#13;<br \/>\n&#13;<br \/>\n<a href=\"https:\/\/whiplash.net\/materias\/whiplash\/027002.html\" rel=\"nofollow noopener\" target=\"_blank\"><img decoding=\"async\" src=\"https:\/\/www.europesays.com\/pt\/wp-content\/uploads\/2025\/09\/1759194427_809_anunciar_diabo_336x280.gif\" loading=\"lazy\" width=\"336\" height=\"280\" alt=\"Anunciar no Whiplash.Net\"\/><\/a>&#13;<br \/>\n&#13;<br \/>\n&#13;<br \/>\n&#13;<br \/>\n&#13;<br \/>\n&#13;<br \/>\n<a href=\"https:\/\/whiplash.net\/materias\/whiplash\/027002.html\" rel=\"nofollow noopener\" target=\"_blank\"><img decoding=\"async\" src=\"https:\/\/www.europesays.com\/pt\/wp-content\/uploads\/2025\/09\/1759194427_809_anunciar_diabo_336x280.gif\" loading=\"lazy\" width=\"336\" height=\"280\" class=\"widthConstrained\" style=\"background-color:#000000;display:block;\" alt=\"Anunciar bandas e shows de Rock e Heavy Metal\"\/><\/a>&#13;<\/p>\n","protected":false},"excerpt":{"rendered":"A cantora Anette Olzon, que fez hist\u00f3ria com o Nightwish na \u00e9poca dos \u00e1lbuns &#8220;Dark Passion Play&#8221; e&hellip;\n","protected":false},"author":2,"featured_media":92467,"comment_status":"","ping_status":"","sticky":false,"template":"","format":"standard","meta":{"footnotes":""},"categories":[141],"tags":[114,115,149,150,32,33],"class_list":{"0":"post-92466","1":"post","2":"type-post","3":"status-publish","4":"format-standard","5":"has-post-thumbnail","7":"category-musica","8":"tag-entertainment","9":"tag-entretenimento","10":"tag-music","11":"tag-musica","12":"tag-portugal","13":"tag-pt"},"share_on_mastodon":{"url":"","error":""},"_links":{"self":[{"href":"https:\/\/www.europesays.com\/pt\/wp-json\/wp\/v2\/posts\/92466","targetHints":{"allow":["GET"]}}],"collection":[{"href":"https:\/\/www.europesays.com\/pt\/wp-json\/wp\/v2\/posts"}],"about":[{"href":"https:\/\/www.europesays.com\/pt\/wp-json\/wp\/v2\/types\/post"}],"author":[{"embeddable":true,"href":"https:\/\/www.europesays.com\/pt\/wp-json\/wp\/v2\/users\/2"}],"replies":[{"embeddable":true,"href":"https:\/\/www.europesays.com\/pt\/wp-json\/wp\/v2\/comments?post=92466"}],"version-history":[{"count":0,"href":"https:\/\/www.europesays.com\/pt\/wp-json\/wp\/v2\/posts\/92466\/revisions"}],"wp:featuredmedia":[{"embeddable":true,"href":"https:\/\/www.europesays.com\/pt\/wp-json\/wp\/v2\/media\/92467"}],"wp:attachment":[{"href":"https:\/\/www.europesays.com\/pt\/wp-json\/wp\/v2\/media?parent=92466"}],"wp:term":[{"taxonomy":"category","embeddable":true,"href":"https:\/\/www.europesays.com\/pt\/wp-json\/wp\/v2\/categories?post=92466"},{"taxonomy":"post_tag","embeddable":true,"href":"https:\/\/www.europesays.com\/pt\/wp-json\/wp\/v2\/tags?post=92466"}],"curies":[{"name":"wp","href":"https:\/\/api.w.org\/{rel}","templated":true}]}}