{"id":92488,"date":"2025-09-30T01:58:56","date_gmt":"2025-09-30T01:58:56","guid":{"rendered":"https:\/\/www.europesays.com\/pt\/92488\/"},"modified":"2025-09-30T01:58:56","modified_gmt":"2025-09-30T01:58:56","slug":"apos-vencer-globo-de-ouro-ricardo-araujo-pereira-brinca-estou-a-torcer-pelos-anjos","status":"publish","type":"post","link":"https:\/\/www.europesays.com\/pt\/92488\/","title":{"rendered":"Ap\u00f3s vencer Globo de Ouro, Ricardo Ara\u00fajo Pereira brinca: &#8220;Estou a torcer pelos Anjos&#8221;"},"content":{"rendered":"<p>Ricardo Ara\u00fajo Pereira venceu o Globo de Ouro de Personalidade do Ano na categoria de Humor, no passado domingo, dia 28, e, por n\u00e3o estar presente no Coliseu dos Recreios, em Lisboa, fez-se representar por Joana Marques e Manuel Cardoso, colegas no programa &#8220;Isto \u00e9 Gozar com Quem Trabalha&#8221;, da SIC, que leram o discurso escrito pelo humorista.<\/p>\n<p>&#8220;Sei que \u00e9 uma desilus\u00e3o sermos n\u00f3s, mas infelizmente o nosso colega Ricardo Ara\u00fajo Pereira n\u00e3o p\u00f4de comparecer. Mas, caso viesse a ganhar, o Ricardo pediu-nos para ler um discurso de agradecimento que foi mesmo ele a escrever. &#8216;Obrigada, por este pr\u00e9mio que eu claramente mere\u00e7o. Al\u00e9m de muito engra\u00e7ado, sou tamb\u00e9m todo bom. Ali\u00e1s, evitei de ir \u00e0 gala porque todas as mulheres presentes me desejam e querem fazer amor comigo. \u00c9 importante dizer que as piadas devem vir de um lugar de empatia, o humor tem o poder de derrubar regimes, a liberdade de express\u00e3o n\u00e3o serve rigorosamente para nada e ler \u00e9 est\u00fapido. Ah, e estou a torcer pelos Anjos&#8221;, leram Joana Marques e Manuel Cardoso, perante as gargalhadas da\u00a0plateia.<\/p>\n<p>Recorde-se que os <a href=\"https:\/\/selfie.iol.pt\/famosos\/globos-de-ouro\/apos-vencer-globo-de-ouro-joana-marques-mete-se-com-os-anjos-era-chato-ia-para-casa-com-acne\/20250929\/68d9c2a8d34e58bc67964a68\" target=\"_blank\" rel=\"nofollow noopener\">Anjos colocaram Joana Marques em tribunal<\/a>. O processo ir\u00e1 conhecer, em breve, o desfecho.<\/p>\n","protected":false},"excerpt":{"rendered":"Ricardo Ara\u00fajo Pereira venceu o Globo de Ouro de Personalidade do Ano na categoria de Humor, no passado&hellip;\n","protected":false},"author":2,"featured_media":92489,"comment_status":"","ping_status":"","sticky":false,"template":"","format":"standard","meta":{"footnotes":""},"categories":[8],"tags":[2875,27,28,980,15,16,21393,14,2876,25,26,21,22,619,12,13,19,20,2771,32,23,24,33,22948,1012,1751,17,18,299,29,30,31],"class_list":{"0":"post-92488","1":"post","2":"type-post","3":"status-publish","4":"format-standard","5":"has-post-thumbnail","7":"category-principais-noticias","8":"tag-anjos","9":"tag-breaking-news","10":"tag-breakingnews","11":"tag-famosos","12":"tag-featured-news","13":"tag-featurednews","14":"tag-globos-de-ouro","15":"tag-headlines","16":"tag-joana-marques","17":"tag-latest-news","18":"tag-latestnews","19":"tag-main-news","20":"tag-mainnews","21":"tag-nacional","22":"tag-news","23":"tag-noticias","24":"tag-noticias-principais","25":"tag-noticiasprincipais","26":"tag-polemica","27":"tag-portugal","28":"tag-principais-noticias","29":"tag-principaisnoticias","30":"tag-pt","31":"tag-ricardo-araujo-pereira","32":"tag-selfie","33":"tag-sic","34":"tag-top-stories","35":"tag-topstories","36":"tag-tribunal","37":"tag-ultimas","38":"tag-ultimas-noticias","39":"tag-ultimasnoticias"},"share_on_mastodon":{"url":"","error":""},"_links":{"self":[{"href":"https:\/\/www.europesays.com\/pt\/wp-json\/wp\/v2\/posts\/92488","targetHints":{"allow":["GET"]}}],"collection":[{"href":"https:\/\/www.europesays.com\/pt\/wp-json\/wp\/v2\/posts"}],"about":[{"href":"https:\/\/www.europesays.com\/pt\/wp-json\/wp\/v2\/types\/post"}],"author":[{"embeddable":true,"href":"https:\/\/www.europesays.com\/pt\/wp-json\/wp\/v2\/users\/2"}],"replies":[{"embeddable":true,"href":"https:\/\/www.europesays.com\/pt\/wp-json\/wp\/v2\/comments?post=92488"}],"version-history":[{"count":0,"href":"https:\/\/www.europesays.com\/pt\/wp-json\/wp\/v2\/posts\/92488\/revisions"}],"wp:featuredmedia":[{"embeddable":true,"href":"https:\/\/www.europesays.com\/pt\/wp-json\/wp\/v2\/media\/92489"}],"wp:attachment":[{"href":"https:\/\/www.europesays.com\/pt\/wp-json\/wp\/v2\/media?parent=92488"}],"wp:term":[{"taxonomy":"category","embeddable":true,"href":"https:\/\/www.europesays.com\/pt\/wp-json\/wp\/v2\/categories?post=92488"},{"taxonomy":"post_tag","embeddable":true,"href":"https:\/\/www.europesays.com\/pt\/wp-json\/wp\/v2\/tags?post=92488"}],"curies":[{"name":"wp","href":"https:\/\/api.w.org\/{rel}","templated":true}]}}