{"id":92619,"date":"2025-09-30T04:51:21","date_gmt":"2025-09-30T04:51:21","guid":{"rendered":"https:\/\/www.europesays.com\/pt\/92619\/"},"modified":"2025-09-30T04:51:21","modified_gmt":"2025-09-30T04:51:21","slug":"jd-vance-garante-que-trump-quer-gaza-e-a-cisjordania-sob-controlo-dos-palestinianos","status":"publish","type":"post","link":"https:\/\/www.europesays.com\/pt\/92619\/","title":{"rendered":"JD Vance garante que Trump quer Gaza e a Cisjord\u00e2nia sob controlo dos palestinianos"},"content":{"rendered":"<p>O vice-presidente dos Estados Unidos, JD Vance, disse este domingo, 28 de setembro, que o presidente Donald Trump quer que a Faixa de Gaza e a Cisjord\u00e2nia sejam controladas pelos palestinianos e assim que as hostilidades cessarem.<\/p>\n<p><strong>&#8220;O presidente foi muito claro: ele realmente quer que Gaza seja controlada pelas pessoas que vivem l\u00e1, ele quer que a Cisjord\u00e2nia seja controlada pelas pessoas que vivem l\u00e1, e ele quer que as redes terroristas em torno dos israelitas sejam desmanteladas para que n\u00e3o voltem a representar uma amea\u00e7a, especialmente para civis inocentes que vivem em Israel&#8221;<\/strong>, afirmou o n\u00famero dois da administra\u00e7\u00e3o norte-americana, em declara\u00e7\u00f5es \u00e0 Fox News.<\/p>\n<p>Estas declara\u00e7\u00f5es surgem dias depois de Trump ter confirmado que, tal como tinha proposto aos l\u00edderes \u00e1rabes e mu\u00e7ulmanos numa reuni\u00e3o \u00e0 margem da 80.\u00aa Assembleia Geral da ONU, n\u00e3o permitiria que Israel anexasse a Cisjord\u00e2nia, cuja ocupa\u00e7\u00e3o \u00e9 declarada ilegal pelo Tribunal Internacional de Justi\u00e7a.<\/p>\n<p>Na mesma reuni\u00e3o, o presidente norte-americano prop\u00f4s que Gaza fosse gerida por um organismo de transi\u00e7\u00e3o, apoiado pelas Na\u00e7\u00f5es Unidas e pelos pa\u00edses do Golfo, antes de ser devolvida ao controlo palestiniano.<\/p>\n<p>O ex-primeiro-ministro do Reino Unido, Tony Blair, \u00e9 o nome proposto pela Casa Branca para liderar esse \u00f3rg\u00e3o, segundo a cadeia brit\u00e2nica BBC.<\/p>\n<p>Este plano est\u00e1 distante de anteriores propostas de Trump, que h\u00e1 alguns meses defendia que os palestinianos deveriam abandonar aqueles territ\u00f3rios para serem reinstalados noutros pa\u00edses, permitindo assim construir a &#8220;Riviera do M\u00e9dio Oriente&#8221; nas ru\u00ednas da Faixa de Gaza.<\/p>\n<p>&#8220;Nunca \u00e9 f\u00e1cil, como aprendemos no M\u00e9dio Oriente ao longo de muitos anos. Esse tipo de coisa avan\u00e7a aos trope\u00e7\u00f5es, e pode tomar rumos muito estranhos, mas acho que o presidente nos levou a um ponto em que estamos na reta final, e estamos todos muito otimistas de que podemos cruzar a linha de meta e realizar algo realmente importante para a paz na regi\u00e3o&#8221;, acrescentou o vice-presidente.<\/p>\n<p>Pouco antes da entrevista, Trump publicou uma mensagem na sua rede social, Truth Social, afirmando estar a trabalhar em \u201calgo especial\u201d para a regi\u00e3o.<\/p>\n<p>\u201cTemos uma oportunidade real de alcan\u00e7ar algo grande no Oriente M\u00e9dio. Todos est\u00e3o prontos para algo especial, algo in\u00e9dito. N\u00f3s vamos conseguir\u201d, escreveu o l\u00edder da Casa Branca.<\/p>\n<p>Nos \u00faltimos dias, o presidente tem insistido que um pacto entre o movimento islamita palestiniano Hamas e Israel est\u00e1 &#8220;muito pr\u00f3ximo&#8221;.<\/p>\n<p>Trump pede insistentemente que todos os ref\u00e9ns em Gaza sejam libertados imediatamente e de uma s\u00f3 vez \u2013 dos 251 levados pelo Hamas no ataque de 7 de outubro, permanecem 48 na Faixa de Gaza, dos quais se acredita que 20 estar\u00e3o vivos.<\/p>\n<p>Um comit\u00e9 independente da ONU e um n\u00famero crescente de pa\u00edses classificam a ofensiva militar de Israel em Gaza como um genoc\u00eddio.<\/p>\n<p>At\u00e9 \u00e0 data, mais de 66.000 palestinianos foram mortos, incluindo mais de 19.000 crian\u00e7as, na ofensiva israelita desencadeada ap\u00f3s o ataque do Hamas, que causou perto de 1.200 mortos, a maioria civis.<\/p>\n","protected":false},"excerpt":{"rendered":"O vice-presidente dos Estados Unidos, JD Vance, disse este domingo, 28 de setembro, que o presidente Donald Trump&hellip;\n","protected":false},"author":2,"featured_media":92620,"comment_status":"","ping_status":"","sticky":false,"template":"","format":"standard","meta":{"footnotes":""},"categories":[50],"tags":[27,28,7191,92,413,257,15,16,14,7740,25,26,21,22,62,12,13,19,20,431,23,24,17,18,29,30,31,63,64,65],"class_list":{"0":"post-92619","1":"post","2":"type-post","3":"status-publish","4":"format-standard","5":"has-post-thumbnail","7":"category-mundo","8":"tag-breaking-news","9":"tag-breakingnews","10":"tag-cisjordania","11":"tag-donald-trump","12":"tag-eua","13":"tag-faixa-de-gaza","14":"tag-featured-news","15":"tag-featurednews","16":"tag-headlines","17":"tag-jd-vance","18":"tag-latest-news","19":"tag-latestnews","20":"tag-main-news","21":"tag-mainnews","22":"tag-mundo","23":"tag-news","24":"tag-noticias","25":"tag-noticias-principais","26":"tag-noticiasprincipais","27":"tag-palestina","28":"tag-principais-noticias","29":"tag-principaisnoticias","30":"tag-top-stories","31":"tag-topstories","32":"tag-ultimas","33":"tag-ultimas-noticias","34":"tag-ultimasnoticias","35":"tag-world","36":"tag-world-news","37":"tag-worldnews"},"share_on_mastodon":{"url":"","error":""},"_links":{"self":[{"href":"https:\/\/www.europesays.com\/pt\/wp-json\/wp\/v2\/posts\/92619","targetHints":{"allow":["GET"]}}],"collection":[{"href":"https:\/\/www.europesays.com\/pt\/wp-json\/wp\/v2\/posts"}],"about":[{"href":"https:\/\/www.europesays.com\/pt\/wp-json\/wp\/v2\/types\/post"}],"author":[{"embeddable":true,"href":"https:\/\/www.europesays.com\/pt\/wp-json\/wp\/v2\/users\/2"}],"replies":[{"embeddable":true,"href":"https:\/\/www.europesays.com\/pt\/wp-json\/wp\/v2\/comments?post=92619"}],"version-history":[{"count":0,"href":"https:\/\/www.europesays.com\/pt\/wp-json\/wp\/v2\/posts\/92619\/revisions"}],"wp:featuredmedia":[{"embeddable":true,"href":"https:\/\/www.europesays.com\/pt\/wp-json\/wp\/v2\/media\/92620"}],"wp:attachment":[{"href":"https:\/\/www.europesays.com\/pt\/wp-json\/wp\/v2\/media?parent=92619"}],"wp:term":[{"taxonomy":"category","embeddable":true,"href":"https:\/\/www.europesays.com\/pt\/wp-json\/wp\/v2\/categories?post=92619"},{"taxonomy":"post_tag","embeddable":true,"href":"https:\/\/www.europesays.com\/pt\/wp-json\/wp\/v2\/tags?post=92619"}],"curies":[{"name":"wp","href":"https:\/\/api.w.org\/{rel}","templated":true}]}}