{"id":92641,"date":"2025-09-30T05:22:09","date_gmt":"2025-09-30T05:22:09","guid":{"rendered":"https:\/\/www.europesays.com\/pt\/92641\/"},"modified":"2025-09-30T05:22:09","modified_gmt":"2025-09-30T05:22:09","slug":"isabel-figueira-no-diario-da-casa-dos-segredos-chocada-com-liliana-e-com-pena-do-ze-noivo","status":"publish","type":"post","link":"https:\/\/www.europesays.com\/pt\/92641\/","title":{"rendered":"Isabel Figueira no Di\u00e1rio da Casa dos Segredos chocada com Liliana e com pena do Z\u00e9 Noivo"},"content":{"rendered":"<p>Isabel Figueira ficou chocada com tudo o que viu ontem na Gala da <a href=\"https:\/\/dioguinho.com\/category\/casa-dos-segredos\/\" rel=\"nofollow noopener\" target=\"_blank\">Casa dos Segredos<\/a>, entre o Z\u00e9 noivo e a Liliana.<\/p>\n<p><strong>\u201c\u00c9 que eu acho que se passa com a Liliana, a Liliana ficou deslumbrada um bocadinho com a caixinha m\u00e1gica, ou seja, com a televis\u00e3o\u201d,<\/strong> come\u00e7ou por dizer Isabel, visivelmente tocada.<\/p>\n<p><strong>\u201cPortanto, ela entrou no programa de televis\u00e3o, ficou deslumbrada, o pr\u00e9mio \u00e9 um objetivo, e esqueceu-se completamente em menos de 24 horas da vida que tinha c\u00e1 fora e do pedido de casamento. O que me custa bastante.\u201d<\/strong> A comentadora confessou que a gala da noite anterior deixou-lhe marcas:<strong> \u201cTer visto ontem o Z\u00e9 numa posi\u00e7\u00e3o que me deu imenso\u2026 Eu fiquei super emocionada a ver a gala de ontem. Custou-me imenso ver o Z\u00e9 naquela posi\u00e7\u00e3o<\/strong>.\u201d<\/p>\n<p>Isabel Figueira, chegou mesmo a admitir que esperava um desfecho radical: <strong>\u201cAchei que ele iria, com o objetivo de p\u00f4r o ponto final, porque foram ultrapassadas, mais do que linhas vermelhas, e at\u00e9 achei que seria bom para ele\u2026 e libertador para ele chegar ali e terminar com a rela\u00e7\u00e3o.\u201d<\/strong><\/p>\n<p>As cr\u00edticas da comentadora do V+ Fama, focaram-se sobretudo nos confession\u00e1rios de Liliana, que classificou como dolorosos de assistir: <strong>\u201cPe\u00e7o imenso desculpa \u00e0 fam\u00edlia que est\u00e1 a ver, a mim custa-me imenso o que ela diz, o que ela chega ali e diz. N\u00e3o \u00e9 jogo, como a Carina disse hoje de manh\u00e3, que teve umas 2h10 a ter uma conversa com a Cristina, \u00e9 dizer que era jogo, que sim, que a Liliana estava a jogar e o F\u00e1bio n\u00e3o. N\u00e3o \u00e9 jogo, \u00e9 not\u00f3rio que ela tem uma qu\u00edmica forte pelo F\u00e1bio, n\u00e3o est\u00e1 a controlar, est\u00e1 a viver esta experi\u00eancia, que \u00e9 o Secret Story, mas ela tem uma responsabilidade emocional.\u201d<\/strong><\/p>\n<p>E foi nesse ponto que insistiu, num registo mais humano:<strong> \u201cN\u00f3s temos responsabilidades emocionais uns com os outros. E ela tem essa responsabilidade com o Z\u00e9. E ontem poderia ter resolvido isso tamb\u00e9m<\/strong>.\u201d<\/p>\n<p>A comentadora rematou:<strong> \u201cAcho que a Liliana est\u00e1 com uma postura\u2026\u201d,<\/strong> deixando impl\u00edcito que, para j\u00e1, a concorrente n\u00e3o est\u00e1 a conseguir gerir o cora\u00e7\u00e3o, o jogo e a responsabilidade com quem a espera c\u00e1 fora.<\/p>\n","protected":false},"excerpt":{"rendered":"Isabel Figueira ficou chocada com tudo o que viu ontem na Gala da Casa dos Segredos, entre o&hellip;\n","protected":false},"author":2,"featured_media":92642,"comment_status":"","ping_status":"","sticky":false,"template":"","format":"standard","meta":{"footnotes":""},"categories":[145],"tags":[2632,13471,211,210,20079,114,115,23132,32,33,6985,16686,20081,20082,162],"class_list":{"0":"post-92641","1":"post","2":"type-post","3":"status-publish","4":"format-standard","5":"has-post-thumbnail","7":"category-celebridades","8":"tag-casa-dos-segredos","9":"tag-casa-dos-segredos-9","10":"tag-celebridades","11":"tag-celebrities","12":"tag-concorrentes-casa-dos-segredos","13":"tag-entertainment","14":"tag-entretenimento","15":"tag-isabel-figueira","16":"tag-portugal","17":"tag-pt","18":"tag-secret-story-casa-dos-segredos","19":"tag-secret-story-9","20":"tag-sondagem-casa-dos-segredos","21":"tag-sondagens-casa-dos-segredos","22":"tag-tvi"},"share_on_mastodon":{"url":"","error":""},"_links":{"self":[{"href":"https:\/\/www.europesays.com\/pt\/wp-json\/wp\/v2\/posts\/92641","targetHints":{"allow":["GET"]}}],"collection":[{"href":"https:\/\/www.europesays.com\/pt\/wp-json\/wp\/v2\/posts"}],"about":[{"href":"https:\/\/www.europesays.com\/pt\/wp-json\/wp\/v2\/types\/post"}],"author":[{"embeddable":true,"href":"https:\/\/www.europesays.com\/pt\/wp-json\/wp\/v2\/users\/2"}],"replies":[{"embeddable":true,"href":"https:\/\/www.europesays.com\/pt\/wp-json\/wp\/v2\/comments?post=92641"}],"version-history":[{"count":0,"href":"https:\/\/www.europesays.com\/pt\/wp-json\/wp\/v2\/posts\/92641\/revisions"}],"wp:featuredmedia":[{"embeddable":true,"href":"https:\/\/www.europesays.com\/pt\/wp-json\/wp\/v2\/media\/92642"}],"wp:attachment":[{"href":"https:\/\/www.europesays.com\/pt\/wp-json\/wp\/v2\/media?parent=92641"}],"wp:term":[{"taxonomy":"category","embeddable":true,"href":"https:\/\/www.europesays.com\/pt\/wp-json\/wp\/v2\/categories?post=92641"},{"taxonomy":"post_tag","embeddable":true,"href":"https:\/\/www.europesays.com\/pt\/wp-json\/wp\/v2\/tags?post=92641"}],"curies":[{"name":"wp","href":"https:\/\/api.w.org\/{rel}","templated":true}]}}