{"id":92645,"date":"2025-09-30T05:26:10","date_gmt":"2025-09-30T05:26:10","guid":{"rendered":"https:\/\/www.europesays.com\/pt\/92645\/"},"modified":"2025-09-30T05:26:10","modified_gmt":"2025-09-30T05:26:10","slug":"lana-del-rey-sobe-ao-palco-com-banda-amadora-que-estava-a-tocar-uma-cancao-sua-na-rua-2","status":"publish","type":"post","link":"https:\/\/www.europesays.com\/pt\/92645\/","title":{"rendered":"Lana Del Rey sobe ao palco com banda amadora que estava a tocar uma can\u00e7\u00e3o sua na rua"},"content":{"rendered":"<p><strong>Lana Del Rey juntou-se a uma banda amadora<\/strong>, em palco, ap\u00f3s ouvi-los tocar <strong>\u2018West Coast\u2019, can\u00e7\u00e3o que lan\u00e7ou em 2014<\/strong>.<\/p>\n<p>A artista norte-americana passeava por Santa Barbara, na Calif\u00f3rnia, quando ouviu a banda &#8211; de seu nome The Fastest Kids in School &#8211; a interpretar \u2018West Coast\u2019 durante um concerto ao ar livre. Ent\u00e3o, <strong>ofereceu-se para participar no tema enquanto vocalista convidada <\/strong>&#8211; pedido que foi prontamente aceite.<\/p>\n<p>O momento foi captado em v\u00eddeo e partilhado nas redes sociais pelos The Fastest Kids in School.<strong> \u201cNunca nos esqueceremos deste concerto\u201d, pode ler-se na publica\u00e7\u00e3o da banda<\/strong>, que tem cerca de 300 seguidores no Instagram.<\/p>\n<p>Veja o v\u00eddeo:<\/p>\n","protected":false},"excerpt":{"rendered":"Lana Del Rey juntou-se a uma banda amadora, em palco, ap\u00f3s ouvi-los tocar \u2018West Coast\u2019, can\u00e7\u00e3o que lan\u00e7ou&hellip;\n","protected":false},"author":2,"featured_media":92646,"comment_status":"","ping_status":"","sticky":false,"template":"","format":"standard","meta":{"footnotes":""},"categories":[141],"tags":[114,115,149,150,32,33],"class_list":{"0":"post-92645","1":"post","2":"type-post","3":"status-publish","4":"format-standard","5":"has-post-thumbnail","7":"category-musica","8":"tag-entertainment","9":"tag-entretenimento","10":"tag-music","11":"tag-musica","12":"tag-portugal","13":"tag-pt"},"share_on_mastodon":{"url":"","error":""},"_links":{"self":[{"href":"https:\/\/www.europesays.com\/pt\/wp-json\/wp\/v2\/posts\/92645","targetHints":{"allow":["GET"]}}],"collection":[{"href":"https:\/\/www.europesays.com\/pt\/wp-json\/wp\/v2\/posts"}],"about":[{"href":"https:\/\/www.europesays.com\/pt\/wp-json\/wp\/v2\/types\/post"}],"author":[{"embeddable":true,"href":"https:\/\/www.europesays.com\/pt\/wp-json\/wp\/v2\/users\/2"}],"replies":[{"embeddable":true,"href":"https:\/\/www.europesays.com\/pt\/wp-json\/wp\/v2\/comments?post=92645"}],"version-history":[{"count":0,"href":"https:\/\/www.europesays.com\/pt\/wp-json\/wp\/v2\/posts\/92645\/revisions"}],"wp:featuredmedia":[{"embeddable":true,"href":"https:\/\/www.europesays.com\/pt\/wp-json\/wp\/v2\/media\/92646"}],"wp:attachment":[{"href":"https:\/\/www.europesays.com\/pt\/wp-json\/wp\/v2\/media?parent=92645"}],"wp:term":[{"taxonomy":"category","embeddable":true,"href":"https:\/\/www.europesays.com\/pt\/wp-json\/wp\/v2\/categories?post=92645"},{"taxonomy":"post_tag","embeddable":true,"href":"https:\/\/www.europesays.com\/pt\/wp-json\/wp\/v2\/tags?post=92645"}],"curies":[{"name":"wp","href":"https:\/\/api.w.org\/{rel}","templated":true}]}}