{"id":92657,"date":"2025-09-30T05:43:36","date_gmt":"2025-09-30T05:43:36","guid":{"rendered":"https:\/\/www.europesays.com\/pt\/92657\/"},"modified":"2025-09-30T05:43:36","modified_gmt":"2025-09-30T05:43:36","slug":"hc-gaspar-vianna-amplia-procedimentos-cardiacos-em-30-com-novo-angiografo","status":"publish","type":"post","link":"https:\/\/www.europesays.com\/pt\/92657\/","title":{"rendered":"HC Gaspar Vianna amplia procedimentos card\u00edacos em 30% com novo angi\u00f3grafo"},"content":{"rendered":"<p>Tecnologia de ponta fortalece refer\u00eancia do hospital no cuidado cardiovascular pelo SUS no Par\u00e1<\/p>\n<p>\t\t\t\t\t<a class=\"imgGcLink\" href=\"https:\/\/www.agenciapara.com.br\/midias\/2025\/grandes\/20250929180259-GC00071129-F00264720E.webp\" rel=\"nofollow noopener\" target=\"_blank\"><img decoding=\"async\" class=\"imGs4O0O8\" src=\"https:\/\/www.europesays.com\/pt\/wp-content\/uploads\/2025\/09\/20250929180259-GC00071129-F00264720E.webp.webp\" title=\"Cr\u00e9dito: Ascom HC\"\/><\/a>&#13;<br \/>\n&#13;<\/p>\n<p>No m\u00eas do Setembro Vermelho, dedicado \u00e0 conscientiza\u00e7\u00e3o e preven\u00e7\u00e3o das doen\u00e7as cardiovasculares, o Hospital de Cl\u00ednicas Gaspar Vianna (HC) celebra avan\u00e7os importantes na assist\u00eancia \u00e0 popula\u00e7\u00e3o. Em janeiro, foi inaugurada a nova sala de hemodin\u00e2mica do hospital, equipada com um angi\u00f3grafo de \u00faltima gera\u00e7\u00e3o \u2014 o mais moderno do Par\u00e1. A moderniza\u00e7\u00e3o j\u00e1 resultou no aumento de 30% dos procedimentos card\u00edacos, passando de 2.025 de janeiro a agosto de 2024 para 2.630 no mesmo per\u00edodo deste ano.<\/p>\n<p>A hemodin\u00e2mica \u00e9 o setor respons\u00e1vel por procedimentos fundamentais e minimamente invasivos, como cateterismo, angioplastia com stents, implante de marcapasso e corre\u00e7\u00f5es de malforma\u00e7\u00f5es cong\u00eanitas.<\/p>\n<p><a class=\"imgGcLink\" href=\"https:\/\/www.agenciapara.com.br\/midias\/2025\/grandes\/20250929180224-GC00071129-F00264716E.webp\" rel=\"nofollow noopener\" target=\"_blank\"><img decoding=\"async\" class=\"imGs4O0O8\" src=\"https:\/\/www.europesays.com\/pt\/wp-content\/uploads\/2025\/09\/20250929180224-GC00071129-F00264716E.webp.webp\" title=\"Cr\u00e9dito: Ascom HC\"\/><\/a>&#13;<br \/>\nRodrigo Souza, chefe da Hemodin\u00e2mica do HC&#13;<\/p>\n<p>Para o cardiologista Rodrigo Souza, chefe da hemodin\u00e2mica, o investimento garante mais acesso e qualidade. \u201cIsso \u00e9 bastante significativo porque coloca os nossos pacientes do Sistema \u00danico de Sa\u00fade em p\u00e9 de igualdade com o que \u00e9 oferecido na rede privada. A moderniza\u00e7\u00e3o ampliou tamb\u00e9m o servi\u00e7o de eletrofisiologia, que passou de cerca de 15 para 150 procedimentos ao ano, al\u00e9m de beneficiar os atendimentos em cardiopatias cong\u00eanitas e nas emerg\u00eancias coronarianas, como o infarto agudo\u201d, detalhou.\u00a0<\/p>\n<p><a class=\"imgGcLink\" href=\"https:\/\/www.agenciapara.com.br\/midias\/2025\/grandes\/20250929180241-GC00071129-F00264718E.webp\" rel=\"nofollow noopener\" target=\"_blank\"><img decoding=\"async\" class=\"imGs4O0O8\" src=\"https:\/\/www.europesays.com\/pt\/wp-content\/uploads\/2025\/09\/20250929180241-GC00071129-F00264718E.webp.webp\" title=\"Cr\u00e9dito: Divulga\u00e7\u00e3o\"\/><\/a>&#13;<br \/>\nAnt\u00f4nio Maria Gon\u00e7alves, 83 anos, de Ananindeua, recebe cuidados no HC ap\u00f3s coloca\u00e7\u00e3o de quatro stents&#13;<\/p>\n<p>O aposentado Ant\u00f4nio Maria Maia Gon\u00e7alves, 83 anos, de Ananindeua, est\u00e1 internado h\u00e1 14 dias ap\u00f3s colocar quatro stents. Ele conta que j\u00e1 sentia muito cansa\u00e7o e dificuldades at\u00e9 para pequenas atividades, mas hoje se sente mais confiante. \u201cAgora estou aguardando a avalia\u00e7\u00e3o da equipe para definir o pr\u00f3ximo passo. Quanto ao atendimento, n\u00e3o tenho do que reclamar: m\u00e9dicos, enfermeiros e toda a equipe me trataram muito bem\u201d, frisou.\u00a0<\/p>\n<p>De Marapanim, Raimundo Alves, 61 anos, est\u00e1 internado h\u00e1 mais de um m\u00eas ap\u00f3s sofrer um infarto com complica\u00e7\u00f5es renais. Ele agradece \u00e0 equipe do HC pela dedica\u00e7\u00e3o: \u201cFui bem tratado desde o primeiro momento. Pedi at\u00e9 a Deus pela equipe, porque n\u00e3o \u00e9 f\u00e1cil o trabalho deles. Aqui recebi toda a assist\u00eancia necess\u00e1ria e sigo em recupera\u00e7\u00e3o\u201d.<\/p>\n<p><a class=\"imgGcLink\" href=\"https:\/\/www.agenciapara.com.br\/midias\/2025\/grandes\/20250929180231-GC00071129-F00264717E.webp\" rel=\"nofollow noopener\" target=\"_blank\"><img decoding=\"async\" class=\"imGs4O0O8\" src=\"https:\/\/www.europesays.com\/pt\/wp-content\/uploads\/2025\/09\/20250929180231-GC00071129-F00264717E.webp.webp\" title=\"Cr\u00e9dito: Divulga\u00e7\u00e3o\"\/><\/a>&#13;<br \/>\nRaimundo Alves, 61 anos, de Marapanim, segue em recupera\u00e7\u00e3o no HC ap\u00f3s infarto&#13;<\/p>\n<p><strong>Refer\u00eancia em cardiologia no Par\u00e1<\/strong><br \/>Com duas salas de hemodin\u00e2mica em funcionamento, o HC ampliou a oferta de hor\u00e1rios e procedimentos, reduzindo filas e garantindo mais acesso ao tratamento especializado. O servi\u00e7o atua em quatro grandes frentes: cardiologia coron\u00e1ria, cardiologia pedi\u00e1trica e cong\u00eanita, procedimentos endovasculares e eletrofisiologia.<\/p>\n<p><a class=\"imgGcLink\" href=\"https:\/\/www.agenciapara.com.br\/midias\/2025\/grandes\/20250929180251-GC00071129-F00264719E.webp\" rel=\"nofollow noopener\" target=\"_blank\"><img decoding=\"async\" class=\"imGs4O0O8\" src=\"https:\/\/www.europesays.com\/pt\/wp-content\/uploads\/2025\/09\/20250929180251-GC00071129-F00264719E.webp.webp\" title=\"Cr\u00e9dito: Ascom HC\"\/><\/a>&#13;<br \/>\n&#13;<\/p>\n<p>Com investimento em tecnologia de ponta e um time multiprofissional qualificado, o Hospital de Cl\u00ednicas Gaspar Vianna reafirma sua miss\u00e3o de salvar vidas e fortalecer a rede p\u00fablica de sa\u00fade, oferecendo ao povo do Par\u00e1 um cuidado moderno, seguro e humano.<\/p>\n","protected":false},"excerpt":{"rendered":"Tecnologia de ponta fortalece refer\u00eancia do hospital no cuidado cardiovascular pelo SUS no Par\u00e1 &#13; &#13; No m\u00eas&hellip;\n","protected":false},"author":2,"featured_media":92658,"comment_status":"","ping_status":"","sticky":false,"template":"","format":"standard","meta":{"footnotes":""},"categories":[86],"tags":[3291,3292,1650,301,3296,116,3293,1133,13,3295,3294,32,33,117,227],"class_list":{"0":"post-92657","1":"post","2":"type-post","3":"status-publish","4":"format-standard","5":"has-post-thumbnail","7":"category-saude","8":"tag-agencia","9":"tag-agenciapaa","10":"tag-fotos","11":"tag-governo","12":"tag-govpara","13":"tag-health","14":"tag-notas","15":"tag-noticia","16":"tag-noticias","17":"tag-para","18":"tag-pautas","19":"tag-portugal","20":"tag-pt","21":"tag-saude","22":"tag-videos"},"share_on_mastodon":{"url":"","error":""},"_links":{"self":[{"href":"https:\/\/www.europesays.com\/pt\/wp-json\/wp\/v2\/posts\/92657","targetHints":{"allow":["GET"]}}],"collection":[{"href":"https:\/\/www.europesays.com\/pt\/wp-json\/wp\/v2\/posts"}],"about":[{"href":"https:\/\/www.europesays.com\/pt\/wp-json\/wp\/v2\/types\/post"}],"author":[{"embeddable":true,"href":"https:\/\/www.europesays.com\/pt\/wp-json\/wp\/v2\/users\/2"}],"replies":[{"embeddable":true,"href":"https:\/\/www.europesays.com\/pt\/wp-json\/wp\/v2\/comments?post=92657"}],"version-history":[{"count":0,"href":"https:\/\/www.europesays.com\/pt\/wp-json\/wp\/v2\/posts\/92657\/revisions"}],"wp:featuredmedia":[{"embeddable":true,"href":"https:\/\/www.europesays.com\/pt\/wp-json\/wp\/v2\/media\/92658"}],"wp:attachment":[{"href":"https:\/\/www.europesays.com\/pt\/wp-json\/wp\/v2\/media?parent=92657"}],"wp:term":[{"taxonomy":"category","embeddable":true,"href":"https:\/\/www.europesays.com\/pt\/wp-json\/wp\/v2\/categories?post=92657"},{"taxonomy":"post_tag","embeddable":true,"href":"https:\/\/www.europesays.com\/pt\/wp-json\/wp\/v2\/tags?post=92657"}],"curies":[{"name":"wp","href":"https:\/\/api.w.org\/{rel}","templated":true}]}}