{"id":92751,"date":"2025-09-30T07:47:42","date_gmt":"2025-09-30T07:47:42","guid":{"rendered":"https:\/\/www.europesays.com\/pt\/92751\/"},"modified":"2025-09-30T07:47:42","modified_gmt":"2025-09-30T07:47:42","slug":"noronha-lopes-apresenta-candidato-a-lider-da-mesa-observador","status":"publish","type":"post","link":"https:\/\/www.europesays.com\/pt\/92751\/","title":{"rendered":"Noronha Lopes apresenta candidato a l\u00edder da Mesa \u2013 Observador"},"content":{"rendered":"<p>Depois de um fim de semana com duas Assembleias Gerais, outros tantos chumbos das propostas que foram a sufr\u00e1gio (Relat\u00f3rio e Contas do exerc\u00edcio de 2024\/25 e Regulamento Eleitoral) e <a href=\"https:\/\/observador.pt\/2025\/09\/28\/acusacoes-sao-mentira-vieira-e-rui-costa-representam-um-regime-podre-que-vai-cair-noronha-lopes-explica-ag-e-promete-mudanca-no-benfica\/\" rel=\"nofollow noopener\" target=\"_blank\">v\u00e1rias entrevistas onde os seis candidatos iam apontando o dedo uns aos outros pelo que aconteceu na reuni\u00e3o magna<\/a> e pelo momento que o Benfica atravessa, o per\u00edodo de campanha eleitoral retomou a sua cad\u00eancia de \u201cnormalidade\u201d, com os an\u00fancios de nomes para ocupar as listas de \u00f3rg\u00e3os sociais que v\u00e3o a votos. Esta segunda-feira, foi a vez de <a href=\"https:\/\/observador.pt\/2025\/06\/05\/nao-sou-e-nunca-serei-candidato-de-protesto-sou-candidato-de-futuro-noronha-lopes-apresenta-candidatura-e-pede-eleicoes-antecipadas\/\" rel=\"nofollow noopener\" target=\"_blank\">Jo\u00e3o Noronha Lopes<\/a> apresentar o l\u00edder da Mesa da Assembleia Geral: <strong>Gon\u00e7alo de Almeida Ribeiro.<\/strong><\/p>\n<blockquote class=\"wp-embedded-content\" data-secret=\"nRIbKftpGj\">\n<p><a href=\"https:\/\/observador.pt\/2025\/09\/28\/acusacoes-sao-mentira-vieira-e-rui-costa-representam-um-regime-podre-que-vai-cair-noronha-lopes-explica-ag-e-promete-mudanca-no-benfica\/\" rel=\"nofollow noopener\" target=\"_blank\">\u201cAcusa\u00e7\u00f5es s\u00e3o mentira. Vieira e Rui Costa representam um regime podre que vai cair\u201d: Noronha Lopes explica AG e promete mudan\u00e7a no Benfica<\/a><\/p>\n<\/blockquote>\n<p>\u201cProfessor universit\u00e1rio, jurista de excel\u00eancia e um dos mais not\u00e1veis magistrados da sua gera\u00e7\u00e3o, Gon\u00e7alo de Almeida Ribeiro <strong>\u00e9 reconhecido pelo seu rigor, independ\u00eancia e integridade.<\/strong> Ao longo da sua carreira, desempenhou um papel central na defesa da legalidade, da transpar\u00eancia e da responsabilidade institucional \u2013 valores que agora agora colocar\u00e1 ao servi\u00e7o do Sport Lisboa e Benfica e dos seus s\u00f3cios\u201d, destacou a lista em rela\u00e7\u00e3o \u00e0 escolha para o cargo do vice-presidente do Tribunal Constitucional.<\/p>\n<p><strong>\u201cCom um percurso acad\u00e9mico e profissional de refer\u00eancia,<\/strong> Gon\u00e7alo de Almeida Ribeiro \u00e9 atualmente Professor Associado da Faculdade de Direito da Universidade Cat\u00f3lica Portuguesa. Licenciou-se pela Faculdade de Direito da Universidade Nova de Lisboa com a classifica\u00e7\u00e3o de 20 valores e o pr\u00e9mio de melhor aluno do curso. Prosseguiu estudos na Universidade de Harvard, nos Estados Unidos, onde concluiu o mestrado e o doutoramento em Direito, tendo recebido o prestigiado pr\u00e9mio Mancini pela sua disserta\u00e7\u00e3o. Foi docente na Harvard Kennedy School of Government e professor convidado em v\u00e1rias universidades estrangeiras, sendo autor de vasta obra jur\u00eddica, nacional e internacional, sobretudo no dom\u00ednio do direito constitucional\u201d, prosseguiu a apresenta\u00e7\u00e3o feita do candidato \u00e0 lideran\u00e7a da Mesa da Assembleia Geral.<\/p>\n<blockquote class=\"wp-embedded-content\" data-secret=\"xs5mHq8kCM\">\n<p><a href=\"https:\/\/observador.pt\/2025\/06\/05\/nao-sou-e-nunca-serei-candidato-de-protesto-sou-candidato-de-futuro-noronha-lopes-apresenta-candidatura-e-pede-eleicoes-antecipadas\/\" rel=\"nofollow noopener\" target=\"_blank\">\u201cN\u00e3o sou e nunca serei candidato de protesto. Sou candidato de futuro.\u201d Noronha Lopes apresenta candidatura e pede elei\u00e7\u00f5es antecipadas<\/a><\/p>\n<\/blockquote>\n<p>\u201cEm 2016, foi eleito Juiz Conselheiro do Tribunal Constitucional pela Assembleia da Rep\u00fablica, com apenas 32 anos. Em 2023, foi escolhido pelos seus pares como vice-presidente deste \u00f3rg\u00e3o de soberania. Renunciou ao cargo que ocupa no dia 24 de setembro, continuando a exercer fun\u00e7\u00f5es at\u00e9 1 de outubro, data em que encerra uma etapa de enorme prest\u00edgio para assumir o compromisso maior de servir o Benfica. A sua entrada na lista de Jo\u00e3o Noronha Lopes refor\u00e7a de forma inequ\u00edvoca a credibilidade da candidatura, enviando uma mensagem clara a todos os s\u00f3cios: <strong>a gest\u00e3o futura ser\u00e1 s\u00e9ria, transparente e respons\u00e1vel.<\/strong> A presen\u00e7a de Gon\u00e7alo de Almeida Ribeiro representa uma garantia de que a Mesa da Assembleia Geral estar\u00e1 nas m\u00e3os de quem tem experi\u00eancia, reputa\u00e7\u00e3o e integridade\u201d, acrescentou ainda a lista de Jo\u00e3o Noronha Lopes.<\/p>\n<blockquote class=\"twitter-tweet\" data-width=\"500\" data-dnt=\"true\">\n<p lang=\"pt\" dir=\"ltr\">\u00c9 com enorme honra que vos anuncio que Gon\u00e7alo Almeida Ribeiro ser\u00e1 o pr\u00f3ximo Presidente da Mesa da Assembleia Geral do Sport Lisboa e Benfica. \u00c9 atualmente Juiz Conselheiro e Vice-Presidente do Tribunal Constitucional, tendo um percurso acad\u00e9mico e profissional \u00edmpar. Renunciou\u2026 <a href=\"https:\/\/t.co\/iG3yxWeqSx\" rel=\"nofollow\">pic.twitter.com\/iG3yxWeqSx<\/a><\/p>\n<p>\u2014 Jo\u00e3o Noronha Lopes (@jnoronhalopes) <a href=\"https:\/\/twitter.com\/jnoronhalopes\/status\/1972596645549269109?ref_src=twsrc%5Etfw\" rel=\"nofollow noopener\" target=\"_blank\">September 29, 2025<\/a><\/p>\n<\/blockquote>\n<p>\u201cA Assembleia Geral \u00e9 o \u00f3rg\u00e3o supremo do clube, porque <strong>o Benfica \u00e9 um dos \u00faltimos colossos desportivos mundiais cujo dono \u00e9 a grande na\u00e7\u00e3o dos seus s\u00f3cios.<\/strong> A fun\u00e7\u00e3o da Mesa da Assembleia Geral \u00e9 assegurar a legalidade, a democracia, a civilidade e a liberdade nas delibera\u00e7\u00f5es dos S\u00f3cios dispostos a participar ativamente na vida do Clube. Como presidente da Mesa, cumprirei a minha quota-parte dessa fun\u00e7\u00e3o com isen\u00e7\u00e3o, abnega\u00e7\u00e3o e dedica\u00e7\u00e3o, virtudes que cultivei ao longo meu percurso profissional como acad\u00e9mico e magistrado\u201d, comentou Gon\u00e7alo de Almeida Ribeiro ap\u00f3s o an\u00fancio.<\/p>\n<p><strong>\u201cBenfiquista genu\u00edno, alia compet\u00eancia, independ\u00eancia e vis\u00e3o.<\/strong> A sua carreira, internacionalmente reconhecida, confirma a solidez e o rigor do seu pensamento, mas acima de tudo, Gon\u00e7alo de Almeida Ribeiro traz consigo a paix\u00e3o pelo clube e a vontade inabal\u00e1vel de colocar os seus conhecimentos t\u00e9cnicos ao servi\u00e7o dos S\u00f3cios. \u00c9, por isso, o perfil ideal para ser o representante m\u00e1ximo da nossa democracia interna, garantindo imparcialidade, transpar\u00eancia e respeito por todos os benfiquistas. Num momento em que o Benfica exige seriedade e refer\u00eancias s\u00f3lidas, a presen\u00e7a de Gon\u00e7alo de Almeida Ribeiro nesta candidatura \u00e9 a certeza de que a Assembleia Geral voltar\u00e1 a ser vivida como o cora\u00e7\u00e3o da vida democr\u00e1tica do nosso clube. A candidatura Benfica Acima de Tudo reafirma o compromisso: transpar\u00eancia, responsabilidade e dedica\u00e7\u00e3o absoluta aos s\u00f3cios, com uma equipa que une experi\u00eancia, rigor e integridade\u201d, refor\u00e7ou Noronha Lopes.<\/p>\n<p>            <script async src=\"https:\/\/platform.twitter.com\/widgets.js\" charset=\"utf-8\"><\/script><\/p>\n","protected":false},"excerpt":{"rendered":"Depois de um fim de semana com duas Assembleias Gerais, outros tantos chumbos das propostas que foram a&hellip;\n","protected":false},"author":2,"featured_media":92752,"comment_status":"","ping_status":"","sticky":false,"template":"","format":"standard","meta":{"footnotes":""},"categories":[8],"tags":[51,27,28,135,15,16,524,14,25,26,21,22,12,13,19,20,32,23,24,33,17,18,29,30,31],"class_list":{"0":"post-92751","1":"post","2":"type-post","3":"status-publish","4":"format-standard","5":"has-post-thumbnail","7":"category-principais-noticias","8":"tag-benfica","9":"tag-breaking-news","10":"tag-breakingnews","11":"tag-desporto","12":"tag-featured-news","13":"tag-featurednews","14":"tag-futebol","15":"tag-headlines","16":"tag-latest-news","17":"tag-latestnews","18":"tag-main-news","19":"tag-mainnews","20":"tag-news","21":"tag-noticias","22":"tag-noticias-principais","23":"tag-noticiasprincipais","24":"tag-portugal","25":"tag-principais-noticias","26":"tag-principaisnoticias","27":"tag-pt","28":"tag-top-stories","29":"tag-topstories","30":"tag-ultimas","31":"tag-ultimas-noticias","32":"tag-ultimasnoticias"},"share_on_mastodon":{"url":"","error":""},"_links":{"self":[{"href":"https:\/\/www.europesays.com\/pt\/wp-json\/wp\/v2\/posts\/92751","targetHints":{"allow":["GET"]}}],"collection":[{"href":"https:\/\/www.europesays.com\/pt\/wp-json\/wp\/v2\/posts"}],"about":[{"href":"https:\/\/www.europesays.com\/pt\/wp-json\/wp\/v2\/types\/post"}],"author":[{"embeddable":true,"href":"https:\/\/www.europesays.com\/pt\/wp-json\/wp\/v2\/users\/2"}],"replies":[{"embeddable":true,"href":"https:\/\/www.europesays.com\/pt\/wp-json\/wp\/v2\/comments?post=92751"}],"version-history":[{"count":0,"href":"https:\/\/www.europesays.com\/pt\/wp-json\/wp\/v2\/posts\/92751\/revisions"}],"wp:featuredmedia":[{"embeddable":true,"href":"https:\/\/www.europesays.com\/pt\/wp-json\/wp\/v2\/media\/92752"}],"wp:attachment":[{"href":"https:\/\/www.europesays.com\/pt\/wp-json\/wp\/v2\/media?parent=92751"}],"wp:term":[{"taxonomy":"category","embeddable":true,"href":"https:\/\/www.europesays.com\/pt\/wp-json\/wp\/v2\/categories?post=92751"},{"taxonomy":"post_tag","embeddable":true,"href":"https:\/\/www.europesays.com\/pt\/wp-json\/wp\/v2\/tags?post=92751"}],"curies":[{"name":"wp","href":"https:\/\/api.w.org\/{rel}","templated":true}]}}