{"id":92779,"date":"2025-09-30T08:20:14","date_gmt":"2025-09-30T08:20:14","guid":{"rendered":"https:\/\/www.europesays.com\/pt\/92779\/"},"modified":"2025-09-30T08:20:14","modified_gmt":"2025-09-30T08:20:14","slug":"exclusivo-a-fazenda-ary-e-usado-como-isco-para-apanhar-joel-novelas","status":"publish","type":"post","link":"https:\/\/www.europesays.com\/pt\/92779\/","title":{"rendered":"Exclusivo \u00abA Fazenda\u00bb: Ary \u00e9 usado como isco para apanhar Joel &#8211; Novelas"},"content":{"rendered":"<p>Em \u00abA Fazenda\u00bb, <a href=\"https:\/\/tvi.iol.pt\/novelas\/videos\/relacao-de-miro-e-leti-esta-por-um-fio\/675ae26f0cf28c51602e4612\" rel=\"nofollow noopener\" target=\"_blank\">Miro (Pedro Hossi)<\/a>\u00a0nega a <a href=\"https:\/\/tvi.iol.pt\/novelas\/ator\/eva-borges-lacerda\/67348807d34e94b829075ef1\" target=\"_blank\" rel=\"nofollow noopener\"><strong data-end=\"548\" data-start=\"540\">Talu (Evandro Gomes)<\/strong><\/a>\u00a0e Ary saber alguma coisa de Eva, com Talu a insistir que <a href=\"https:\/\/tvi.iol.pt\/novelas\/videos\/joel-declara-se-a-eva-nunca-quis-atravessar-me-entre-ti-e-o-talu\/676ac3630cf2f130c299a685\" rel=\"nofollow noopener\" target=\"_blank\">Joel (Jo\u00e3o Jesus)<\/a>\u00a0a raptou. <a href=\"https:\/\/tvi.iol.pt\/novelas\/videos\/ary-exalta-se-mereces-que-a-lili-nao-queira-ficar-contigo\/677be9e00cf28c51602e50eb\" rel=\"nofollow noopener\" target=\"_blank\">Ary (Isaac Alfaiate<\/a>) tenta defender Joel, ficando em choque por Talu contar que Joel o tentou matar no inc\u00eandio na lavra. Leonor e Miguel j\u00e1 est\u00e3o com Talu, Ary, Miro e <a href=\"https:\/\/tvi.iol.pt\/novelas\/ator\/esmeralda-das-dores\/673496aed34ea1acf27090da\" rel=\"nofollow noopener\" target=\"_blank\">Esmeralda (Julie Sergeant)<\/a>\u00a0a pensarem preocupados como v\u00e3o descobrir para onde Joel levou <a href=\"https:\/\/tvi.iol.pt\/novelas\/videos\/eva-e-joel-beijam-se-apaixonadamente\/6776a2000cf23e044af75c9b\" rel=\"nofollow noopener\" target=\"_blank\">Eva (Margarida Corceiro)<\/a>. Esmeralda diz que a chave para o apanharem pode estar em Ary, todos a olham expectantes.<\/p>\n<p>Esmeralda explica que Ary pode fingir que foi roubado em Lisboa para que Joel apare\u00e7a para o ajudar. Ary permanece relutante em enganar o irm\u00e3o, mas acaba por aceder. Ary liga para Joel, que continua com o telefone desligado. Ary diz que tenta amanh\u00e3, aliviado, todos o olham reprovadores.<\/p>\n<p>Ary acaba por ligar de novo para Joel, deixando-lhe uma mensagem a dizer precisar da ajuda dele por ter sido roubado no Cais do Sodr\u00e9. Todos ficam a aguardar expectantes. Joel ouve irritado a mensagem de Ary de precisar da ajuda dele por ter sido roubado. Acaba por ligar-lhe, assentindo ir ter com ele ao D-L\u00edcia mais tarde. Ary diz a Joel precisar mesmo da ajuda dele por ter ficado sem documentos e dinheiro no Cais do Sodr\u00e9, n\u00e3o tendo mais ningu\u00e9m a quem recorrer.<\/p>\n<p>Miro pega no telefone para avisar Miguel que Joel mordeu o isco. Talu conforta Ary, que continua apreensivo que possa estar a trair Joel infundadamente<\/p>\n<p>Recorde-se que a rela\u00e7\u00e3o de Ary e Joel j\u00e1 teve melhores dias:<\/p>\n","protected":false},"excerpt":{"rendered":"Em \u00abA Fazenda\u00bb, Miro (Pedro Hossi)\u00a0nega a Talu (Evandro Gomes)\u00a0e Ary saber alguma coisa de Eva, com Talu&hellip;\n","protected":false},"author":2,"featured_media":92780,"comment_status":"","ping_status":"","sticky":false,"template":"","format":"standard","meta":{"footnotes":""},"categories":[142],"tags":[657,160,2414,166,114,115,2668,681,157,167,2412,721,723,164,2665,3442,161,158,3441,165,159,32,33,156,683,163,151,162],"class_list":{"0":"post-92779","1":"post","2":"type-post","3":"status-publish","4":"format-standard","5":"has-post-thumbnail","7":"category-tv","8":"tag-a-fazenda","9":"tag-ana-guiomar","10":"tag-ary","11":"tag-cristina-ferreira","12":"tag-entertainment","13":"tag-entretenimento","14":"tag-esmeralda","15":"tag-evandro-gomes","16":"tag-festa-e-festa","17":"tag-ficcao","18":"tag-isaac-alfaiate","19":"tag-joao-jesus","20":"tag-joel","21":"tag-jose-fidalgo","22":"tag-julie-sergeant","23":"tag-miro","24":"tag-novelas","25":"tag-para-sempre","26":"tag-pedro-hossi","27":"tag-pedro-sousa","28":"tag-pedro-teixeira","29":"tag-portugal","30":"tag-pt","31":"tag-queridos-papas","32":"tag-talu","33":"tag-tiago-teotonio-pereira","34":"tag-tv","35":"tag-tvi"},"share_on_mastodon":{"url":"","error":""},"_links":{"self":[{"href":"https:\/\/www.europesays.com\/pt\/wp-json\/wp\/v2\/posts\/92779","targetHints":{"allow":["GET"]}}],"collection":[{"href":"https:\/\/www.europesays.com\/pt\/wp-json\/wp\/v2\/posts"}],"about":[{"href":"https:\/\/www.europesays.com\/pt\/wp-json\/wp\/v2\/types\/post"}],"author":[{"embeddable":true,"href":"https:\/\/www.europesays.com\/pt\/wp-json\/wp\/v2\/users\/2"}],"replies":[{"embeddable":true,"href":"https:\/\/www.europesays.com\/pt\/wp-json\/wp\/v2\/comments?post=92779"}],"version-history":[{"count":0,"href":"https:\/\/www.europesays.com\/pt\/wp-json\/wp\/v2\/posts\/92779\/revisions"}],"wp:featuredmedia":[{"embeddable":true,"href":"https:\/\/www.europesays.com\/pt\/wp-json\/wp\/v2\/media\/92780"}],"wp:attachment":[{"href":"https:\/\/www.europesays.com\/pt\/wp-json\/wp\/v2\/media?parent=92779"}],"wp:term":[{"taxonomy":"category","embeddable":true,"href":"https:\/\/www.europesays.com\/pt\/wp-json\/wp\/v2\/categories?post=92779"},{"taxonomy":"post_tag","embeddable":true,"href":"https:\/\/www.europesays.com\/pt\/wp-json\/wp\/v2\/tags?post=92779"}],"curies":[{"name":"wp","href":"https:\/\/api.w.org\/{rel}","templated":true}]}}