{"id":92787,"date":"2025-09-30T08:28:19","date_gmt":"2025-09-30T08:28:19","guid":{"rendered":"https:\/\/www.europesays.com\/pt\/92787\/"},"modified":"2025-09-30T08:28:19","modified_gmt":"2025-09-30T08:28:19","slug":"washington-podera-enviar-misseis-tomahawk-para-a-ucrania-afirma-vance","status":"publish","type":"post","link":"https:\/\/www.europesays.com\/pt\/92787\/","title":{"rendered":"Washington poder\u00e1 enviar m\u00edsseis Tomahawk para a Ucr\u00e2nia, afirma Vance"},"content":{"rendered":"<p>\n                    Publicado a                 29\/09\/2025 &#8211; 13:33 GMT+2<br \/>\n                \u2022\u00daltimas not\u00edcias<br \/>\n                                     22:14\n                                        <\/p>\n<p>          <img decoding=\"async\" class=\"c-ad__placeholder__logo\" src=\"https:\/\/static.euronews.com\/website\/images\/logos\/logo-euronews-stacked-outlined-72x72-grey-9.svg\" width=\"72\" height=\"72\" alt=\"\" loading=\"lazy\"\/><br \/>\n          PUBLICIDADE<\/p>\n<p>Os Estados Unidos est\u00e3o a estudar a possibilidade de fornecer m\u00edsseis Tomahawk a Kiev, numa altura em que Moscovo continua a recusar as conversa\u00e7\u00f5es de paz bilaterais e trilaterais mediadas pelo presidente norte-americano, <strong>Donald Trump<\/strong>, confirmou no domingo o seu vice-presidente, <strong>JD Vance<\/strong>.<\/p>\n<p>&#8220;O senhor deputado fez a pergunta sobre os Tomahawks. \u00c9 algo sobre o qual o presidente vai tomar a decis\u00e3o final&#8221;, disse Vance \u00e0 Fox News.<\/p>\n<p>&#8220;O que o presidente vai fazer \u00e9 o que for do melhor interesse para os Estados Unidos da Am\u00e9rica&#8221;, disse ele. &#8220;Sei que estamos a ter conversas neste preciso momento sobre o assunto&#8221;.<\/p>\n<p>De acordo com relatos, o Presidente ucraniano <strong>Volodymyr Zelenskyy<\/strong> pediu a Trump para fornecer a Kiev m\u00edsseis de cruzeiro de longo alcance Tomahawk durante uma reuni\u00e3o \u00e0 margem da Assembleia Geral das Na\u00e7\u00f5es Unidas em Nova Iorque, na semana passada.<\/p>\n<p>Embora Washington ainda esteja a ponderar a decis\u00e3o sobre os Tomahawk, a administra\u00e7\u00e3o norte-americana j\u00e1 autorizou os ataques de longo alcance da <strong>Ucr\u00e2nia<\/strong> em dire\u00e7\u00e3o \u00e0 <strong>R\u00fassia<\/strong>, de acordo com o enviado especial dos EUA para a Ucr\u00e2nia, Keith Kellogg.<\/p>\n<p>&#8220;A resposta \u00e9 sim, usar a capacidade de atingir em profundidade, n\u00e3o existem zonas proibidas&#8221;, disse Kellogg no domingo, explicando que a decis\u00e3o final \u00e9 de Trump, caso a caso.<\/p>\n<p><strong>Washington fervilha com a relut\u00e2ncia de Moscovo<\/strong><\/p>\n<p>Ambas as decis\u00f5es surgem num momento em que cresce a impaci\u00eancia na Casa Branca face \u00e0 posi\u00e7\u00e3o da R\u00fassia em rela\u00e7\u00e3o \u00e0s conversa\u00e7\u00f5es diretas com a Ucr\u00e2nia, que visam p\u00f4r fim \u00e0 guerra em larga escala que Moscovo est\u00e1 a travar.<\/p>\n<p>Vance reconheceu que o Kremlin n\u00e3o est\u00e1 disposto a manter conversa\u00e7\u00f5es, tanto a s\u00f3s com o l\u00edder ucraniano, como tamb\u00e9m na presen\u00e7a de Trump.<\/p>\n<p>&#8220;O que temos visto nas \u00faltimas semanas \u00e9 que os russos se recusaram a sentar-se em reuni\u00f5es bilaterais com os ucranianos&#8221;, disse Vance. &#8220;Recusaram-se a participar em quaisquer reuni\u00f5es trilaterais em que o presidente ou outro membro da administra\u00e7\u00e3o se pudesse sentar com os russos e os ucranianos&#8221;.<\/p>\n<p>&#8220;Os russos n\u00e3o est\u00e3o a ganhar muito. Esta guerra \u00e9 terr\u00edvel para a sua economia, e eles t\u00eam de se perguntar quantas mais pessoas ter\u00e3o de perder e quantas mais pessoas ter\u00e3o de matar por muito poucas vantagens militares&#8221;, explicou o vice-presidente dos EUA.<\/p>\n<p>&#8220;Esperamos que os russos acordem para a realidade no terreno&#8221;.<\/p>\n<p>Ap\u00f3s a reuni\u00e3o com Zelenskyy em Nova Iorque, na passada ter\u00e7a-feira, Trump <a href=\"https:\/\/pt.euronews.com\/2025\/09\/23\/membros-da-nato-devem-abater-avioes-russos-se-estes-entrarem-no-espaco-aereo-diz-trump\" rel=\"nofollow noopener\" target=\"_blank\"><strong>escreveu no Truth Social<\/strong><\/a><a href=\"https:\/\/www.euronews.com\/2025\/09\/23\/nato-members-should-shoot-down-russian-aircraft-if-they-enter-airspace-trump-says\" rel=\"nofollow noopener\" target=\"_blank\"> <\/a>que &#8220;a Ucr\u00e2nia, com o apoio da Uni\u00e3o Europeia, est\u00e1 em posi\u00e7\u00e3o de lutar e ganhar toda a Ucr\u00e2nia de volta \u00e0 sua forma original&#8221;.<\/p>\n<p>Trump estava possivelmente a referir-se \u00e0s fronteiras de 1991 e queria dizer que Kiev poderia recuperar todo o territ\u00f3rio ocupado pela R\u00fassia, incluindo a Crimeia, que a R\u00fassia anexou unilateralmente em 2014.<\/p>\n<p>&#8220;Com tempo, paci\u00eancia e o apoio financeiro da Europa e, em particular, da NATO, as fronteiras originais de onde esta guerra come\u00e7ou s\u00e3o uma op\u00e7\u00e3o&#8221;.<\/p>\n<p>Na sua \u00faltima reuni\u00e3o, Zelenskyy ter\u00e1 dito ao presidente dos EUA que os sistemas de armas avan\u00e7ados fornecidos pelo Pent\u00e1gono, como os m\u00edsseis Tomahawk, poderiam ajudar a pressionar o presidente russo Vladimir Putin a negociar um acordo de paz.<\/p>\n","protected":false},"excerpt":{"rendered":"Publicado a 29\/09\/2025 &#8211; 13:33 GMT+2 \u2022\u00daltimas not\u00edcias 22:14 PUBLICIDADE Os Estados Unidos est\u00e3o a estudar a possibilidade&hellip;\n","protected":false},"author":2,"featured_media":92788,"comment_status":"","ping_status":"","sticky":false,"template":"","format":"standard","meta":{"footnotes":""},"categories":[50],"tags":[5688,27,28,92,15,16,889,14,6390,7740,25,26,21,22,11978,62,12,13,19,20,23,24,17,18,29,30,31,63,64,65],"class_list":{"0":"post-92787","1":"post","2":"type-post","3":"status-publish","4":"format-standard","5":"has-post-thumbnail","7":"category-mundo","8":"tag-armas","9":"tag-breaking-news","10":"tag-breakingnews","11":"tag-donald-trump","12":"tag-featured-news","13":"tag-featurednews","14":"tag-guerra-na-ucrania","15":"tag-headlines","16":"tag-invasao-da-ucrania-pela-russia","17":"tag-jd-vance","18":"tag-latest-news","19":"tag-latestnews","20":"tag-main-news","21":"tag-mainnews","22":"tag-missil","23":"tag-mundo","24":"tag-news","25":"tag-noticias","26":"tag-noticias-principais","27":"tag-noticiasprincipais","28":"tag-principais-noticias","29":"tag-principaisnoticias","30":"tag-top-stories","31":"tag-topstories","32":"tag-ultimas","33":"tag-ultimas-noticias","34":"tag-ultimasnoticias","35":"tag-world","36":"tag-world-news","37":"tag-worldnews"},"share_on_mastodon":{"url":"","error":""},"_links":{"self":[{"href":"https:\/\/www.europesays.com\/pt\/wp-json\/wp\/v2\/posts\/92787","targetHints":{"allow":["GET"]}}],"collection":[{"href":"https:\/\/www.europesays.com\/pt\/wp-json\/wp\/v2\/posts"}],"about":[{"href":"https:\/\/www.europesays.com\/pt\/wp-json\/wp\/v2\/types\/post"}],"author":[{"embeddable":true,"href":"https:\/\/www.europesays.com\/pt\/wp-json\/wp\/v2\/users\/2"}],"replies":[{"embeddable":true,"href":"https:\/\/www.europesays.com\/pt\/wp-json\/wp\/v2\/comments?post=92787"}],"version-history":[{"count":0,"href":"https:\/\/www.europesays.com\/pt\/wp-json\/wp\/v2\/posts\/92787\/revisions"}],"wp:featuredmedia":[{"embeddable":true,"href":"https:\/\/www.europesays.com\/pt\/wp-json\/wp\/v2\/media\/92788"}],"wp:attachment":[{"href":"https:\/\/www.europesays.com\/pt\/wp-json\/wp\/v2\/media?parent=92787"}],"wp:term":[{"taxonomy":"category","embeddable":true,"href":"https:\/\/www.europesays.com\/pt\/wp-json\/wp\/v2\/categories?post=92787"},{"taxonomy":"post_tag","embeddable":true,"href":"https:\/\/www.europesays.com\/pt\/wp-json\/wp\/v2\/tags?post=92787"}],"curies":[{"name":"wp","href":"https:\/\/api.w.org\/{rel}","templated":true}]}}