{"id":92821,"date":"2025-09-30T08:57:32","date_gmt":"2025-09-30T08:57:32","guid":{"rendered":"https:\/\/www.europesays.com\/pt\/92821\/"},"modified":"2025-09-30T08:57:32","modified_gmt":"2025-09-30T08:57:32","slug":"grande-ataque-com-drones-e-misseis","status":"publish","type":"post","link":"https:\/\/www.europesays.com\/pt\/92821\/","title":{"rendered":"Grande Ataque com Drones e M\u00edsseis"},"content":{"rendered":"<p>O Minist\u00e9rio da Defesa russo anunciou este domingo, dia 28 de setembro, ter atingido instala\u00e7\u00f5es militares na Ucr\u00e2nia na noite passada, depois de Kiev ter relatado um ataque com centenas de drones e dezenas de  m\u00edsseis, que provocou pelo menos quatro mortos.<\/p>\n<p>\u201cNa noite passada, as For\u00e7as Armadas russas lan\u00e7aram um <strong>grande ataque com armas de precis\u00e3o de longo alcance, tanto a\u00e9reas como mar\u00edtimas, e drones de ataque contra instala\u00e7\u00f5es do complexo militar-industrial ucraniano utilizadas pelas for\u00e7as ucranianas, bem como contra a infraestrutura de aer\u00f3dromos militares\u201d<\/strong>, explica-se no relat\u00f3rio militar russo.<\/p>\n<p>O Presidente ucraniano afirmou este domingo que os principais alvos dos ataques russos foram Kiev e a regi\u00e3o da capital \u2014 onde o edif\u00edcio do Instituto de Cardiologia foi danificado, entre outros \u2014 mas tamb\u00e9m foram atingidas regi\u00f5es de Zaporijia, Khmelnytsky, Sumy, Mykolaiv, Chernigiv e Odessa, no sul, norte e centro do pa\u00eds.<\/p>\n<p><strong>\u201cAt\u00e9 ao momento, h\u00e1 relatos de quatro mortos em Kiev, incluindo uma menina de 12 anos\u201d, afirmou Zelensky<\/strong>, fazendo eco de informa\u00e7\u00f5es anteriormente divulgadas pela administra\u00e7\u00e3o militar da cidade.<\/p>\n<p>O chefe de Estado ucraniano acrescentou que pelo menos <strong>40 pessoas ficaram feridas em todo o pa\u00eds, incluindo crian\u00e7as<\/strong>, enquanto os danos materiais incluem uma panificadora, uma f\u00e1brica de pneus, resid\u00eancias e outras infraestruturas civis.<\/p>\n<p><strong>Segundo as autoridades russas, s\u00f3 foram atingidos alvos militares.<\/strong><\/p>\n<p>Entretanto, a For\u00e7a A\u00e9rea ucraniana atualizou os dados sobre o ataque russo, referindo que tinha conseguido neutralizar 611 de um total de 643 drones e m\u00edsseis inimigos, depois de o Presidente, Volodymyr Zelensky, ter mencionado quase 500 drones e 40 m\u00edsseis.<\/p>\n","protected":false},"excerpt":{"rendered":"O Minist\u00e9rio da Defesa russo anunciou este domingo, dia 28 de setembro, ter atingido instala\u00e7\u00f5es militares na Ucr\u00e2nia&hellip;\n","protected":false},"author":2,"featured_media":92822,"comment_status":"","ping_status":"","sticky":false,"template":"","format":"standard","meta":{"footnotes":""},"categories":[50],"tags":[27,28,15,16,889,14,25,26,21,22,62,12,13,19,20,23,24,839,17,18,29,30,31,63,64,65],"class_list":{"0":"post-92821","1":"post","2":"type-post","3":"status-publish","4":"format-standard","5":"has-post-thumbnail","7":"category-mundo","8":"tag-breaking-news","9":"tag-breakingnews","10":"tag-featured-news","11":"tag-featurednews","12":"tag-guerra-na-ucrania","13":"tag-headlines","14":"tag-latest-news","15":"tag-latestnews","16":"tag-main-news","17":"tag-mainnews","18":"tag-mundo","19":"tag-news","20":"tag-noticias","21":"tag-noticias-principais","22":"tag-noticiasprincipais","23":"tag-principais-noticias","24":"tag-principaisnoticias","25":"tag-russia","26":"tag-top-stories","27":"tag-topstories","28":"tag-ultimas","29":"tag-ultimas-noticias","30":"tag-ultimasnoticias","31":"tag-world","32":"tag-world-news","33":"tag-worldnews"},"share_on_mastodon":{"url":"","error":""},"_links":{"self":[{"href":"https:\/\/www.europesays.com\/pt\/wp-json\/wp\/v2\/posts\/92821","targetHints":{"allow":["GET"]}}],"collection":[{"href":"https:\/\/www.europesays.com\/pt\/wp-json\/wp\/v2\/posts"}],"about":[{"href":"https:\/\/www.europesays.com\/pt\/wp-json\/wp\/v2\/types\/post"}],"author":[{"embeddable":true,"href":"https:\/\/www.europesays.com\/pt\/wp-json\/wp\/v2\/users\/2"}],"replies":[{"embeddable":true,"href":"https:\/\/www.europesays.com\/pt\/wp-json\/wp\/v2\/comments?post=92821"}],"version-history":[{"count":0,"href":"https:\/\/www.europesays.com\/pt\/wp-json\/wp\/v2\/posts\/92821\/revisions"}],"wp:featuredmedia":[{"embeddable":true,"href":"https:\/\/www.europesays.com\/pt\/wp-json\/wp\/v2\/media\/92822"}],"wp:attachment":[{"href":"https:\/\/www.europesays.com\/pt\/wp-json\/wp\/v2\/media?parent=92821"}],"wp:term":[{"taxonomy":"category","embeddable":true,"href":"https:\/\/www.europesays.com\/pt\/wp-json\/wp\/v2\/categories?post=92821"},{"taxonomy":"post_tag","embeddable":true,"href":"https:\/\/www.europesays.com\/pt\/wp-json\/wp\/v2\/tags?post=92821"}],"curies":[{"name":"wp","href":"https:\/\/api.w.org\/{rel}","templated":true}]}}