{"id":92823,"date":"2025-09-30T08:58:13","date_gmt":"2025-09-30T08:58:13","guid":{"rendered":"https:\/\/www.europesays.com\/pt\/92823\/"},"modified":"2025-09-30T08:58:13","modified_gmt":"2025-09-30T08:58:13","slug":"morreu-o-cronista-e-jornalista-henrique-de-penha-coutinho-o-manuel-de-portugal-jornalismo","status":"publish","type":"post","link":"https:\/\/www.europesays.com\/pt\/92823\/","title":{"rendered":"Morreu o cronista e jornalista Henrique de Penha Coutinho, o \u201cManuel de Portugal\u201d | Jornalismo"},"content":{"rendered":"<p>O cronista e jornalista Henrique de Penha Coutinho, que escrevia com o pseud\u00f3nimo Manuel de Portugal, faleceu esta segunda-feira, 29 de Setembro, aos 96 anos, confirmou \u00e0 Lusa um amigo da fam\u00edlia.<\/p>\n<p>Muito activo nas d\u00e9cadas de 80 e 90 do s\u00e9culo XX, Manuel de Portugal, pseud\u00f3nimo de Henrique Maria Cordeiro de Penha Coutinho, nasceu em Lisboa a 1 de Outubro de 1928.<\/p>\n<p>O cronista e jornalista portugu\u00eas celebrizou-se na d\u00e9cada de 70 do s\u00e9culo XX pelas suas cr\u00f3nicas semanais no jornal Tempo, j\u00e1 extinto.<\/p>\n<p>Estas cr\u00f3nicas marcaram o per\u00edodo do PREC \u2014 Processo Revolucion\u00e1rio em Curso em Portugal, o per\u00edodo de instabilidade pol\u00edtica e social que se seguiu ao 25 de Abril de 1974.<\/p>\n<p>Os seus textos desta \u00e9poca foram posteriormente publicados em dois livros em Portugal. Nas d\u00e9cadas que se seguiram, Manuel de Portugal passaria a escrever para o Jornal de Madeira.<\/p>\n<p>As cerim\u00f3nias f\u00fanebres, nomeadamente o vel\u00f3rio, ter\u00e3o in\u00edcio esta ter\u00e7a-feira, das 17h \u00e0s 22h, continuando na quarta-feira, das 10h \u00e0s 14h30, na Igreja de S\u00e3o Jo\u00e3o de Deus, na Pra\u00e7a de Londres (Lisboa). A crema\u00e7\u00e3o ter\u00e1 lugar tamb\u00e9m na quarta-feira, \u00e0s 15h, no Cemit\u00e9rio do Alto S\u00e3o Jo\u00e3o.<\/p>\n<p><strong>Not\u00edcia actualizada a 30 de Setembro, com informa\u00e7\u00e3o sobre as cerim\u00f3nias f\u00fanebres<\/strong><\/p>\n","protected":false},"excerpt":{"rendered":"O cronista e jornalista Henrique de Penha Coutinho, que escrevia com o pseud\u00f3nimo Manuel de Portugal, faleceu esta&hellip;\n","protected":false},"author":2,"featured_media":92824,"comment_status":"","ping_status":"","sticky":false,"template":"","format":"standard","meta":{"footnotes":""},"categories":[10],"tags":[23155,27,28,1413,15,16,14,1428,25,26,797,21,22,12,13,19,20,542,32,17769,23,24,33,17,18,29,30,31],"class_list":{"0":"post-92823","1":"post","2":"type-post","3":"status-publish","4":"format-standard","5":"has-post-thumbnail","7":"category-portugal","8":"tag-25-de-abril-de-1974","9":"tag-breaking-news","10":"tag-breakingnews","11":"tag-cultura-ipsilon","12":"tag-featured-news","13":"tag-featurednews","14":"tag-headlines","15":"tag-jornalismo","16":"tag-latest-news","17":"tag-latestnews","18":"tag-lisboa","19":"tag-main-news","20":"tag-mainnews","21":"tag-news","22":"tag-noticias","23":"tag-noticias-principais","24":"tag-noticiasprincipais","25":"tag-para-redes","26":"tag-portugal","27":"tag-prec","28":"tag-principais-noticias","29":"tag-principaisnoticias","30":"tag-pt","31":"tag-top-stories","32":"tag-topstories","33":"tag-ultimas","34":"tag-ultimas-noticias","35":"tag-ultimasnoticias"},"share_on_mastodon":{"url":"","error":""},"_links":{"self":[{"href":"https:\/\/www.europesays.com\/pt\/wp-json\/wp\/v2\/posts\/92823","targetHints":{"allow":["GET"]}}],"collection":[{"href":"https:\/\/www.europesays.com\/pt\/wp-json\/wp\/v2\/posts"}],"about":[{"href":"https:\/\/www.europesays.com\/pt\/wp-json\/wp\/v2\/types\/post"}],"author":[{"embeddable":true,"href":"https:\/\/www.europesays.com\/pt\/wp-json\/wp\/v2\/users\/2"}],"replies":[{"embeddable":true,"href":"https:\/\/www.europesays.com\/pt\/wp-json\/wp\/v2\/comments?post=92823"}],"version-history":[{"count":0,"href":"https:\/\/www.europesays.com\/pt\/wp-json\/wp\/v2\/posts\/92823\/revisions"}],"wp:featuredmedia":[{"embeddable":true,"href":"https:\/\/www.europesays.com\/pt\/wp-json\/wp\/v2\/media\/92824"}],"wp:attachment":[{"href":"https:\/\/www.europesays.com\/pt\/wp-json\/wp\/v2\/media?parent=92823"}],"wp:term":[{"taxonomy":"category","embeddable":true,"href":"https:\/\/www.europesays.com\/pt\/wp-json\/wp\/v2\/categories?post=92823"},{"taxonomy":"post_tag","embeddable":true,"href":"https:\/\/www.europesays.com\/pt\/wp-json\/wp\/v2\/tags?post=92823"}],"curies":[{"name":"wp","href":"https:\/\/api.w.org\/{rel}","templated":true}]}}