{"id":92923,"date":"2025-09-30T10:50:12","date_gmt":"2025-09-30T10:50:12","guid":{"rendered":"https:\/\/www.europesays.com\/pt\/92923\/"},"modified":"2025-09-30T10:50:12","modified_gmt":"2025-09-30T10:50:12","slug":"nao-estava-a-conseguir-dar-nada-carina-assume-se-feliz-pela-expulsao-secret-story","status":"publish","type":"post","link":"https:\/\/www.europesays.com\/pt\/92923\/","title":{"rendered":"\u00abN\u00e3o estava a conseguir dar nada\u00bb: Carina assume-se feliz pela expuls\u00e3o &#8211; Secret Story"},"content":{"rendered":"<p>No Secret Story 9, Carina foi a concorrente expulsa do \u00faltimo domingo. Em est\u00fadio, deu uma entrevista exclusiva em que confessou ter ficado feliz com a sua sa\u00edda. A concorrente recebeu ainda um presente muito especial. Veja tudo.\u00a0<\/p>\n<p>Esta semana, h\u00e1 seis nomeados em risco de expuls\u00e3o. Vote para salvar o seu favorito:<\/p>\n<p>F\u00c1BIO \u2013 761 20 20 08<br \/>JOANA \u2013 761 20 20 11<br \/>LEANDRO \u2013 761 20 20 12<br \/>LILIANA \u2013 761 20 20 14<br \/>PEDRO \u2013 761 20 20 18<br \/>SANDRO \u2013 761 20 20 20<\/p>\n<p><a href=\"https:\/\/tvi.iol.pt\/secretstory\/aominuto\" rel=\"nofollow noopener\" target=\"_blank\">Acompanhe aqui tudo o que se passa na casa mais vigiada do pa\u00eds!<\/a><\/p>\n","protected":false},"excerpt":{"rendered":"No Secret Story 9, Carina foi a concorrente expulsa do \u00faltimo domingo. Em est\u00fadio, deu uma entrevista exclusiva&hellip;\n","protected":false},"author":2,"featured_media":92924,"comment_status":"","ping_status":"","sticky":false,"template":"","format":"standard","meta":{"footnotes":""},"categories":[142],"tags":[19438,114,115,19033,19034,32,33,151,19032],"class_list":{"0":"post-92923","1":"post","2":"type-post","3":"status-publish","4":"format-standard","5":"has-post-thumbnail","7":"category-tv","8":"tag-carina","9":"tag-entertainment","10":"tag-entretenimento","11":"tag-galas-em-video","12":"tag-melhores-momentos-casa-dos-segredos","13":"tag-portugal","14":"tag-pt","15":"tag-tv","16":"tag-videos-secret-story-tvi"},"share_on_mastodon":{"url":"","error":""},"_links":{"self":[{"href":"https:\/\/www.europesays.com\/pt\/wp-json\/wp\/v2\/posts\/92923","targetHints":{"allow":["GET"]}}],"collection":[{"href":"https:\/\/www.europesays.com\/pt\/wp-json\/wp\/v2\/posts"}],"about":[{"href":"https:\/\/www.europesays.com\/pt\/wp-json\/wp\/v2\/types\/post"}],"author":[{"embeddable":true,"href":"https:\/\/www.europesays.com\/pt\/wp-json\/wp\/v2\/users\/2"}],"replies":[{"embeddable":true,"href":"https:\/\/www.europesays.com\/pt\/wp-json\/wp\/v2\/comments?post=92923"}],"version-history":[{"count":0,"href":"https:\/\/www.europesays.com\/pt\/wp-json\/wp\/v2\/posts\/92923\/revisions"}],"wp:featuredmedia":[{"embeddable":true,"href":"https:\/\/www.europesays.com\/pt\/wp-json\/wp\/v2\/media\/92924"}],"wp:attachment":[{"href":"https:\/\/www.europesays.com\/pt\/wp-json\/wp\/v2\/media?parent=92923"}],"wp:term":[{"taxonomy":"category","embeddable":true,"href":"https:\/\/www.europesays.com\/pt\/wp-json\/wp\/v2\/categories?post=92923"},{"taxonomy":"post_tag","embeddable":true,"href":"https:\/\/www.europesays.com\/pt\/wp-json\/wp\/v2\/tags?post=92923"}],"curies":[{"name":"wp","href":"https:\/\/api.w.org\/{rel}","templated":true}]}}