{"id":92958,"date":"2025-09-30T11:27:08","date_gmt":"2025-09-30T11:27:08","guid":{"rendered":"https:\/\/www.europesays.com\/pt\/92958\/"},"modified":"2025-09-30T11:27:08","modified_gmt":"2025-09-30T11:27:08","slug":"porto-estudante-da-catolica-com-lesoes-graves-apos-agressao-observador","status":"publish","type":"post","link":"https:\/\/www.europesays.com\/pt\/92958\/","title":{"rendered":"Porto. Estudante da Cat\u00f3lica com les\u00f5es graves ap\u00f3s agress\u00e3o \u2013 Observador"},"content":{"rendered":"<p>Um estudante de 21 anos da Universidade Cat\u00f3lica no Porto foi agredido na quarta-feira por quatro jovens, estranhos \u00e0 institui\u00e7\u00e3o, durante um evento de uma associa\u00e7\u00e3o de estudantes, tendo sofrido les\u00f5es graves na face e olhos, foi esta ter\u00e7a-feira denunciado.<\/p>\n<p>A agress\u00e3o, confirmada \u00e0 Lusa pela Universidade Cat\u00f3lica Portuguesa (UCP) e por fonte da PSP, ocorreu cerca das 22h30, no interior do estabelecimento de ensino superior, quando um dos quatro alegados agressores ter\u00e1 importunado a namorada do estudante, situa\u00e7\u00e3o que, segundo fonte pr\u00f3xima da fam\u00edlia da v\u00edtima, desencadeou a agress\u00e3o.<\/p>\n<p>A mesma fonte relata que o estudante, enquanto defendia a namorada, foi surpreendido por um segundo elemento que lhe fez um chamado \u201cmata-le\u00e3o\u201d (manobra de estrangulamento), tendo, de seguida, sido atingido por um soco desferido por um terceiro elemento que o deixou inconsciente.<\/p>\n<p>J\u00e1 ca\u00edda no ch\u00e3o, a v\u00edtima foi pontapeada na zona da cabe\u00e7a, \u201cde forma brutal e desproporcionada\u201d, pelos quatro dos jovens, refere uma nota enviada pela fonte pr\u00f3xima da fam\u00edlia.<\/p>\n<p><strong>Sem elementos de seguran\u00e7a no local<\/strong>, foram outros estudantes presentes no evento que, segundo a mesma fonte, intervieram e conseguiram travar os agressores.<\/p>\n<p>A v\u00edtima foi transportada de imediato para a Unidade de Sa\u00fade Local de Matosinhos, onde lhe foram diagnosticadas <strong>fraturas na face e les\u00f5es oculares graves<\/strong>.<\/p>\n<p>A PSP n\u00e3o foi chamada ao local na altura da agress\u00e3o, mas a v\u00edtima j\u00e1 apresentou queixa \u00e0s autoridades e realizou per\u00edcias no Instituto de Medicina Legal na sexta-feira.<\/p>\n<p>Apesar de v\u00edtima e agressores n\u00e3o se conhecerem, foi poss\u00edvel identificar dois dos quatros agressores, indica a nota divulgada esta ter\u00e7a-feira, que considera a agress\u00e3o \u201cum ato de viol\u00eancia gratuita e desproporcionada\u201d.<\/p>\n<p>Fam\u00edlia, v\u00edtima e amigos, refere a mesma fonte, aguardam agora os desenvolvimentos da investiga\u00e7\u00e3o e esperam que a Universidade Cat\u00f3lica Portuguesa e a Associa\u00e7\u00e3o de Estudantes \u201ctomem medidas para que este epis\u00f3dio n\u00e3o se repita\u201d.<\/p>\n<p>Questionada sobre os acontecimentos da passada quarta-feira, a UCP confirma ter tomado conhecido dos factos, tendo \u201cencaminhado o assunto para as autoridades policiais competentes\u201d e iniciado, em simult\u00e2neo, um processo de averigua\u00e7\u00e3o interno.<\/p>\n<p>\u201cA Universidade condena qualquer ato de viol\u00eancia e reitera que o seu campus\u00a0disp\u00f5e de seguran\u00e7a em perman\u00eancia. Estamos a acompanhar a situa\u00e7\u00e3o de forma a garantir a colabora\u00e7\u00e3o com as autoridades e o apuramento dos factos. Manifestamos a nossa solidariedade para com o nosso estudante e j\u00e1 manifestamos \u00e0 fam\u00edlia a disponibilidade para a colabora\u00e7\u00e3o necess\u00e1ria\u201d, refere a Cat\u00f3lica em resposta \u00e0 Lusa.<\/p>\n<p>A institui\u00e7\u00e3o n\u00e3o esclarece, contudo, se foram adotadas novas medidas de seguran\u00e7a na sequ\u00eancia deste epis\u00f3dio de viol\u00eancia, assinalando apenas, quando questionada, que \u201co campus disp\u00f5e de seguran\u00e7a permanente\u201d.\u00a0Contudo, e de acordo com fonte pr\u00f3xima da fam\u00edlia da v\u00edtima, no decurso das agress\u00f5es, a seguran\u00e7a do campus n\u00e3o apareceu ou interveio.<\/p>\n<p>Contactada pela Lusa, fonte da PSP confirmou que foi aberto um inqu\u00e9rito, tendo j\u00e1 sido identificados dois dos quatro suspeitos ap\u00f3s queixa apresentada pela v\u00edtima.<\/p>\n<p>At\u00e9 ao momento, a PSP n\u00e3o tem registo de qualquer queixa ou comunica\u00e7\u00e3o por parte da institui\u00e7\u00e3o de ensino superior.<\/p>\n<p>Contactada sobre o sucedido, a Associa\u00e7\u00e3o de Estudantes da Faculdade de Direito da Universidade Cat\u00f3lica Portuguesa (AEFDUCP) disse n\u00e3o compactuar, nem tolerar qualquer ato de viol\u00eancia, estando a acompanhar de perto a situa\u00e7\u00e3o, a colaborar com as autoridades para o apuramento dos factos e a trabalhar em conjunto com a dire\u00e7\u00e3o da UCP no \u00e2mbito do processo interno.<\/p>\n","protected":false},"excerpt":{"rendered":"Um estudante de 21 anos da Universidade Cat\u00f3lica no Porto foi agredido na quarta-feira por quatro jovens, estranhos&hellip;\n","protected":false},"author":2,"featured_media":92959,"comment_status":"","ping_status":"","sticky":false,"template":"","format":"standard","meta":{"footnotes":""},"categories":[10],"tags":[27,28,604,2023,4224,23174,23173,15,16,14,3176,25,26,23172,186,21,22,12,13,19,20,57,462,32,23,24,33,58,17,18,29,30,31,540,622],"class_list":{"0":"post-92958","1":"post","2":"type-post","3":"status-publish","4":"format-standard","5":"has-post-thumbnail","7":"category-portugal","8":"tag-breaking-news","9":"tag-breakingnews","10":"tag-crime","11":"tag-educau00e7u00e3o","12":"tag-ensino-superior","13":"tag-exercu00edcio","14":"tag-exercu00edcio-fu00edsico","15":"tag-featured-news","16":"tag-featurednews","17":"tag-headlines","18":"tag-jovens","19":"tag-latest-news","20":"tag-latestnews","21":"tag-lesu00f5es","22":"tag-lifestyle","23":"tag-main-news","24":"tag-mainnews","25":"tag-news","26":"tag-noticias","27":"tag-noticias-principais","28":"tag-noticiasprincipais","29":"tag-pau00eds","30":"tag-porto","31":"tag-portugal","32":"tag-principais-noticias","33":"tag-principaisnoticias","34":"tag-pt","35":"tag-sociedade","36":"tag-top-stories","37":"tag-topstories","38":"tag-ultimas","39":"tag-ultimas-noticias","40":"tag-ultimasnoticias","41":"tag-universidades","42":"tag-violu00eancia"},"share_on_mastodon":{"url":"","error":""},"_links":{"self":[{"href":"https:\/\/www.europesays.com\/pt\/wp-json\/wp\/v2\/posts\/92958","targetHints":{"allow":["GET"]}}],"collection":[{"href":"https:\/\/www.europesays.com\/pt\/wp-json\/wp\/v2\/posts"}],"about":[{"href":"https:\/\/www.europesays.com\/pt\/wp-json\/wp\/v2\/types\/post"}],"author":[{"embeddable":true,"href":"https:\/\/www.europesays.com\/pt\/wp-json\/wp\/v2\/users\/2"}],"replies":[{"embeddable":true,"href":"https:\/\/www.europesays.com\/pt\/wp-json\/wp\/v2\/comments?post=92958"}],"version-history":[{"count":0,"href":"https:\/\/www.europesays.com\/pt\/wp-json\/wp\/v2\/posts\/92958\/revisions"}],"wp:featuredmedia":[{"embeddable":true,"href":"https:\/\/www.europesays.com\/pt\/wp-json\/wp\/v2\/media\/92959"}],"wp:attachment":[{"href":"https:\/\/www.europesays.com\/pt\/wp-json\/wp\/v2\/media?parent=92958"}],"wp:term":[{"taxonomy":"category","embeddable":true,"href":"https:\/\/www.europesays.com\/pt\/wp-json\/wp\/v2\/categories?post=92958"},{"taxonomy":"post_tag","embeddable":true,"href":"https:\/\/www.europesays.com\/pt\/wp-json\/wp\/v2\/tags?post=92958"}],"curies":[{"name":"wp","href":"https:\/\/api.w.org\/{rel}","templated":true}]}}