{"id":92970,"date":"2025-09-30T11:43:08","date_gmt":"2025-09-30T11:43:08","guid":{"rendered":"https:\/\/www.europesays.com\/pt\/92970\/"},"modified":"2025-09-30T11:43:08","modified_gmt":"2025-09-30T11:43:08","slug":"missao-artemis-ii-da-nasa-vai-voar-em-redor-da-lua-ja-em-fevereiro-de-2026","status":"publish","type":"post","link":"https:\/\/www.europesays.com\/pt\/92970\/","title":{"rendered":"Miss\u00e3o Artemis II da NASA vai voar em redor da Lua j\u00e1 em fevereiro de 2026"},"content":{"rendered":"<p>  De&amp;nbsp<a href=\"https:\/\/pt.euronews.com\/perfis\/2328\" rel=\"nofollow noopener\" target=\"_blank\">Theo Farrant<\/a>&amp;nbsp&amp;&amp;nbsp<b>AP<\/b><\/p>\n<p>\n         Publicado a<br \/>\n            30\/09\/2025 &#8211; 13:08 GMT+2\n            <\/p>\n<p>          <img decoding=\"async\" class=\"c-ad__placeholder__logo\" src=\"https:\/\/static.euronews.com\/website\/images\/logos\/logo-euronews-stacked-outlined-72x72-grey-9.svg\" width=\"72\" height=\"72\" alt=\"\" loading=\"lazy\"\/><br \/>\n          PUBLICIDADE<\/p>\n<p>A NASA anunciou que a sua pr\u00f3xima miss\u00e3o \u00e0 <a href=\"https:\/\/pt.euronews.com\/next\/2025\/07\/20\/viver-na-lua-o-solo-lunar-pode-ajudar-os-humanos-a-viver-na-lua-segundo-um-estudo\" rel=\"nofollow noopener\" target=\"_blank\"><strong>Lua<\/strong><\/a> poder\u00e1 ter lugar j\u00e1 em fevereiro do pr\u00f3ximo ano. Se for bem-sucedida, ser\u00e1 a primeira vez que o ser humano se afasta da Terra em mais de 50 anos.<\/p>\n<p>A miss\u00e3o, denominada Artemis II, \u00e9 o primeiro voo tripulado no \u00e2mbito do ambicioso programa Artemis da NASA. O seu objetivo \u00e9 n\u00e3o s\u00f3 fazer regressar os seres humanos \u00e0 superf\u00edcie lunar, mas tamb\u00e9m estabelecer uma presen\u00e7a sustent\u00e1vel na Lua e \u00e0 sua volta, preparando o caminho para a futura explora\u00e7\u00e3o de Marte.<\/p>\n<p>O Artemis II levar\u00e1 uma tripula\u00e7\u00e3o de quatro pessoas numa viagem de 10 dias \u00e0 volta da Lua, antes de regressar em seguran\u00e7a \u00e0 Terra. Entre os astronautas, Christina Koch vai tornar-se a primeira mulher a voar em redor da Lua, enquanto Victor Glover ser\u00e1 o primeiro astronauta negro a completar a mesma viagem. Reid Wiseman e Jeremy Hansen tamb\u00e9m se juntam \u00e0 tripula\u00e7\u00e3o.<\/p>\n<p>A miss\u00e3o ir\u00e1 testar sistemas cr\u00edticos a bordo da nave espacial Orion, constru\u00edda pela NASA e pela Airbus, que foi concebida para suportar a vida humana no espa\u00e7o profundo.<\/p>\n<p>&#8220;Fornecemos o m\u00f3dulo de servi\u00e7o, ou seja, o m\u00f3dulo que se encontra por tr\u00e1s do m\u00f3dulo da tripula\u00e7\u00e3o e que cont\u00e9m basicamente tudo o que \u00e9 necess\u00e1rio para manter os astronautas vivos na sua viagem at\u00e9 \u00e0 Lua&#8221;, afirmou Si\u00e2n Cleaver, respons\u00e1vel pelo m\u00f3dulo de servi\u00e7o europeu da Orion na Airbus.<\/p>\n<p>Segundo Si\u00e2n Cleaver, o m\u00f3dulo tem reservat\u00f3rios de \u00e1gua, de oxig\u00e9nio e de azoto para fornecer o ar. Tem tamb\u00e9m sistemas de avi\u00f3nica e alguns pain\u00e9is solares para poder gerar toda a energia necess\u00e1ria para toda a nave espacial Orion.<\/p>\n<p>&#8220;Acho que o mais importante \u00e9 que tem o m\u00f3dulo de propuls\u00e3o que vai fornecer o impulso para levar os astronautas \u00e0 Lua e traz\u00ea-los de volta&#8221;, acrescentou.<\/p>\n<p><strong>Preparar uma presen\u00e7a lunar sustent\u00e1vel<\/strong><\/p>\n<p>Embora os seres humanos tenham pisado a Lua pela primeira vez durante as miss\u00f5es Apollo, h\u00e1 mais de cinco d\u00e9cadas, a Artemis est\u00e1 concentrada em estabelecer uma presen\u00e7a humana a longo prazo.<\/p>\n<p>&#8220;A Apollo era uma miss\u00e3o de curta dura\u00e7\u00e3o, em que se ia l\u00e1, se fazia alguma alguma ci\u00eancia e se voltava. Mas com a Artemis, o objetivo \u00e9 construir uma presen\u00e7a humana sustent\u00e1vel na Lua e \u00e0 volta dela&#8221;, disse Cleaver.<\/p>\n<p>&#8220;Por isso, queremos usar a Lua como um trampolim para futuras viagens a Marte. \u00c9 muito dif\u00edcil ir diretamente da Terra para Marte; \u00e9 preciso muito combust\u00edvel, muita energia para l\u00e1 chegar, por isso \u00e9 muito melhor se pudermos usar algo como a Lua como um trampolim para l\u00e1 chegar&#8221;.<\/p>\n<p>Os astronautas j\u00e1 est\u00e3o a treinar para a miss\u00e3o em instala\u00e7\u00f5es concebidas para reproduzir o terreno da Lua, garantindo que est\u00e3o preparados para os desafios \u00fanicos de viver e trabalhar noutro corpo planet\u00e1rio.<\/p>\n<p>Na semana passada, a NASA tamb\u00e9m revelou o seu pr\u00f3ximo grupo de astronautas, selecionando dez cientistas, engenheiros e pilotos de testes entre mais de 8000 candidatos.<\/p>\n","protected":false},"excerpt":{"rendered":"De&amp;nbspTheo Farrant&amp;nbsp&amp;&amp;nbspAP Publicado a 30\/09\/2025 &#8211; 13:08 GMT+2 PUBLICIDADE A NASA anunciou que a sua pr\u00f3xima miss\u00e3o \u00e0&hellip;\n","protected":false},"author":2,"featured_media":92971,"comment_status":"","ping_status":"","sticky":false,"template":"","format":"standard","meta":{"footnotes":""},"categories":[84],"tags":[23175,109,107,108,2179,1149,32,33,105,103,104,106,110],"class_list":{"0":"post-92970","1":"post","2":"type-post","3":"status-publish","4":"format-standard","5":"has-post-thumbnail","7":"category-ciencia-e-tecnologia","8":"tag-artemis-i","9":"tag-ciencia","10":"tag-ciencia-e-tecnologia","11":"tag-cienciaetecnologia","12":"tag-lua","13":"tag-nasa","14":"tag-portugal","15":"tag-pt","16":"tag-science","17":"tag-science-and-technology","18":"tag-scienceandtechnology","19":"tag-technology","20":"tag-tecnologia"},"share_on_mastodon":{"url":"","error":""},"_links":{"self":[{"href":"https:\/\/www.europesays.com\/pt\/wp-json\/wp\/v2\/posts\/92970","targetHints":{"allow":["GET"]}}],"collection":[{"href":"https:\/\/www.europesays.com\/pt\/wp-json\/wp\/v2\/posts"}],"about":[{"href":"https:\/\/www.europesays.com\/pt\/wp-json\/wp\/v2\/types\/post"}],"author":[{"embeddable":true,"href":"https:\/\/www.europesays.com\/pt\/wp-json\/wp\/v2\/users\/2"}],"replies":[{"embeddable":true,"href":"https:\/\/www.europesays.com\/pt\/wp-json\/wp\/v2\/comments?post=92970"}],"version-history":[{"count":0,"href":"https:\/\/www.europesays.com\/pt\/wp-json\/wp\/v2\/posts\/92970\/revisions"}],"wp:featuredmedia":[{"embeddable":true,"href":"https:\/\/www.europesays.com\/pt\/wp-json\/wp\/v2\/media\/92971"}],"wp:attachment":[{"href":"https:\/\/www.europesays.com\/pt\/wp-json\/wp\/v2\/media?parent=92970"}],"wp:term":[{"taxonomy":"category","embeddable":true,"href":"https:\/\/www.europesays.com\/pt\/wp-json\/wp\/v2\/categories?post=92970"},{"taxonomy":"post_tag","embeddable":true,"href":"https:\/\/www.europesays.com\/pt\/wp-json\/wp\/v2\/tags?post=92970"}],"curies":[{"name":"wp","href":"https:\/\/api.w.org\/{rel}","templated":true}]}}