{"id":92981,"date":"2025-09-30T11:51:08","date_gmt":"2025-09-30T11:51:08","guid":{"rendered":"https:\/\/www.europesays.com\/pt\/92981\/"},"modified":"2025-09-30T11:51:08","modified_gmt":"2025-09-30T11:51:08","slug":"vem-ai-em-a-protegida-jorge-encontra-a-pessoa-que-pode-destruir-isabel-num-apice-novelas","status":"publish","type":"post","link":"https:\/\/www.europesays.com\/pt\/92981\/","title":{"rendered":"Vem a\u00ed em \u00abA Protegida\u00bb: Jorge encontra a pessoa que pode destruir Isabel num \u00e1pice &#8211; Novelas"},"content":{"rendered":"<p>Em \u00abA Protegida\u00bb, <a href=\"https:\/\/tvi.iol.pt\/novelas\/ator\/jorge-azevedo\/67ac8611d34e3f0bae9a5724\" wbo-id=\"54\" rel=\"nofollow noopener\" target=\"_blank\">Jorge (Paulo Pires<\/a>) aproxima-se da tenda de Francisco (V\u00edtor d&#8217;Andrade) e quando o v\u00ea, confirma que \u00e9 o mesmo homem da foto, mas com muito mau aspeto. Jorge sabe o nome de Francisco e diz que o pode ajudar, pois conhece bem a mulher que lhe destruiu a vida: <a href=\"https:\/\/tvi.iol.pt\/novelas\/ator\/isabel-nobrega\/67adfe20d34e3f0bae9a67df\" rel=\"nofollow noopener\" target=\"_blank\">Isabel (Sara Barradas)<\/a>.<\/p>\n<p>Francisco fica transtornado e agressivo e manda Jorge embora. Este quer conversar, mas Francisco n\u00e3o est\u00e1 para conversas e avan\u00e7a com a cana de pesca na dire\u00e7\u00e3o de Jorge. Este v\u00ea-se obrigado a ir embora.<\/p>\n<p>Afinal, o que \u00e9 que Isabel pode ter feito de t\u00e3o grave?<\/p>\n<p>De relembrar que Isabel \u00e9 uma verdadeira caixinha de surpresas:<\/p>\n","protected":false},"excerpt":{"rendered":"Em \u00abA Protegida\u00bb, Jorge (Paulo Pires) aproxima-se da tenda de Francisco (V\u00edtor d&#8217;Andrade) e quando o v\u00ea, confirma&hellip;\n","protected":false},"author":2,"featured_media":92982,"comment_status":"","ping_status":"","sticky":false,"template":"","format":"standard","meta":{"footnotes":""},"categories":[142],"tags":[168,160,166,114,115,157,167,22834,2910,886,164,161,158,883,165,159,32,33,156,2907,163,151,162,22833],"class_list":{"0":"post-92981","1":"post","2":"type-post","3":"status-publish","4":"format-standard","5":"has-post-thumbnail","7":"category-tv","8":"tag-a-protegida","9":"tag-ana-guiomar","10":"tag-cristina-ferreira","11":"tag-entertainment","12":"tag-entretenimento","13":"tag-festa-e-festa","14":"tag-ficcao","15":"tag-francisco","16":"tag-isabel","17":"tag-jorge","18":"tag-jose-fidalgo","19":"tag-novelas","20":"tag-para-sempre","21":"tag-paulo-pires","22":"tag-pedro-sousa","23":"tag-pedro-teixeira","24":"tag-portugal","25":"tag-pt","26":"tag-queridos-papas","27":"tag-sara-barradas","28":"tag-tiago-teotonio-pereira","29":"tag-tv","30":"tag-tvi","31":"tag-vitor-daposandrade"},"share_on_mastodon":{"url":"","error":""},"_links":{"self":[{"href":"https:\/\/www.europesays.com\/pt\/wp-json\/wp\/v2\/posts\/92981","targetHints":{"allow":["GET"]}}],"collection":[{"href":"https:\/\/www.europesays.com\/pt\/wp-json\/wp\/v2\/posts"}],"about":[{"href":"https:\/\/www.europesays.com\/pt\/wp-json\/wp\/v2\/types\/post"}],"author":[{"embeddable":true,"href":"https:\/\/www.europesays.com\/pt\/wp-json\/wp\/v2\/users\/2"}],"replies":[{"embeddable":true,"href":"https:\/\/www.europesays.com\/pt\/wp-json\/wp\/v2\/comments?post=92981"}],"version-history":[{"count":0,"href":"https:\/\/www.europesays.com\/pt\/wp-json\/wp\/v2\/posts\/92981\/revisions"}],"wp:featuredmedia":[{"embeddable":true,"href":"https:\/\/www.europesays.com\/pt\/wp-json\/wp\/v2\/media\/92982"}],"wp:attachment":[{"href":"https:\/\/www.europesays.com\/pt\/wp-json\/wp\/v2\/media?parent=92981"}],"wp:term":[{"taxonomy":"category","embeddable":true,"href":"https:\/\/www.europesays.com\/pt\/wp-json\/wp\/v2\/categories?post=92981"},{"taxonomy":"post_tag","embeddable":true,"href":"https:\/\/www.europesays.com\/pt\/wp-json\/wp\/v2\/tags?post=92981"}],"curies":[{"name":"wp","href":"https:\/\/api.w.org\/{rel}","templated":true}]}}