{"id":93011,"date":"2025-09-30T12:12:13","date_gmt":"2025-09-30T12:12:13","guid":{"rendered":"https:\/\/www.europesays.com\/pt\/93011\/"},"modified":"2025-09-30T12:12:13","modified_gmt":"2025-09-30T12:12:13","slug":"companhia-aerea-abre-falencia-e-deixa-passageiros-em-terra-observador","status":"publish","type":"post","link":"https:\/\/www.europesays.com\/pt\/93011\/","title":{"rendered":"Companhia a\u00e9rea abre fal\u00eancia e deixa passageiros em terra \u2013 Observador"},"content":{"rendered":"<p>A companhia a\u00e9rea islandesa Play, que assegurava v\u00e1rias liga\u00e7\u00f5es entre a capital da Isl\u00e2ndia, Reiquiavique, e v\u00e1rias cidades da Europa e dos Estados Unidos, abriu fal\u00eancia esta segunda-feira e cancelou de imediato todos os voos agendados, deixando centenas de passageiros \u2014 incluindo portugueses \u2014 retidos nos aeroportos de onde pretendiam apanhar os seus voos.<\/p>\n<p>O an\u00fancio foi feito com poucas palavras atrav\u00e9s de uma <a href=\"https:\/\/www.flyplay.com\/en\/news\/important-information\" rel=\"nofollow noopener\" target=\"_blank\">mensagem divulgada no site da companhia a\u00e9rea<\/a> com a informa\u00e7\u00e3o de que a Play \u201cencerrou as opera\u00e7\u00f5es e todos os voos foram cancelados\u201d.<\/p>\n<p>Quanto a alternativas de viagem, a companhia a\u00e9rea limita-se a sugerir aos passageiros afetados que procurem voos noutras companhias. \u201cAlgumas companhias podem oferecer \u2018tarifas de resgate\u2019 especiais considerando as circunst\u00e2ncias\u201d, diz ainda a Play.<\/p>\n<p>J\u00e1 no que toca aos reembolsos, a companhia a\u00e9rea tamb\u00e9m \u00e9 parca em explica\u00e7\u00f5es, limitando-se a encaminhar os passageiros para os seus bancos ou entidades emissoras de cart\u00f5es de cr\u00e9dito, para as suas ag\u00eancias de viagem e ainda para as regula\u00e7\u00f5es europeias sobre as obriga\u00e7\u00f5es aplic\u00e1veis no caso de fal\u00eancia de empresas.<\/p>\n<p>O an\u00fancio s\u00fabito da fal\u00eancia apanhou milhares de passageiros de surpresa \u2014 e a suspens\u00e3o imediata dos voos deixou cerca de 1.750 pessoas nos aeroportos na segunda-feira, sem solu\u00e7\u00e3o para viajar ou para regressar a casa.<\/p>\n<p>Os problemas afetaram tamb\u00e9m muitos portugueses, j\u00e1 que a Play voava diretamente entre Reiquiavique e as cidades portuguesas de Lisboa, Porto, Faro e Funchal. Na segunda-feira, houve pelo menos uma liga\u00e7\u00e3o para Lisboa cancelada no imediato.<\/p>\n<p><a href=\"https:\/\/twitter.com\/chicodferreira\/status\/1972762359476441315\" rel=\"nofollow noopener\" target=\"_blank\">Atrav\u00e9s das redes sociais<\/a>, o jornalista Francisco David Ferreira, da TVI\/CNN, contou o seu testemunho a partir da Isl\u00e2ndia. \u201cA companhia a\u00e9rea Play, com quem ia voar para o Porto no domingo, acabou de falir\u201d, contou o jornalista da CNN Portugal, que ficou sem viagem de regresso para casa. \u201cCancelou imediatamente toda a opera\u00e7\u00e3o.\u201d<\/p>\n<blockquote class=\"twitter-tweet\" data-width=\"500\" data-dnt=\"true\">\n<p lang=\"pt\" dir=\"ltr\">Ok estou aqui numa situa\u00e7\u00e3o meio inacredit\u00e1vel. Estou na Isl\u00e2ndia, e a companhia a\u00e9rea Play <a href=\"https:\/\/twitter.com\/PLAYairlines?ref_src=twsrc%5Etfw\" rel=\"nofollow noopener\" target=\"_blank\">@PLAYairlines<\/a> , com quem ia voar para o Porto no domingo, acabou de falir. Cancelou imediatamente toda a opera\u00e7\u00e3o. Qualquer info \u00e9 bem vinda!  Tenho seguro de viagem.<\/p>\n<p>\u2014 Francisco David Ferreira (@chicodferreira) <a href=\"https:\/\/twitter.com\/chicodferreira\/status\/1972762359476441315?ref_src=twsrc%5Etfw\" rel=\"nofollow noopener\" target=\"_blank\">September 29, 2025<\/a><\/p>\n<\/blockquote>\n<p><a href=\"https:\/\/www.nytimes.com\/2025\/09\/29\/business\/play-airline-iceland-shut-down.html\" rel=\"nofollow noopener\" target=\"_blank\">Segundo o The New York Times<\/a>, a Play encontrava-se em dificuldades financeiras, de acordo com os resultados trimestrais divulgados em agosto. No ano passado, a companhia a\u00e9rea tinha tido um resultado negativo de 31 milh\u00f5es de d\u00f3lares.<\/p>\n<p>A Play foi fundada em 2021, procurando, de acordo com o mesmo jornal, preencher uma lacuna no mercado island\u00eas que tinha sido deixada pela fal\u00eancia, em 2019, da WOW Air, outra companhia\u00a0low-cost\u00a0da Isl\u00e2ndia.<\/p>\n<p>Em fevereiro deste ano, o presidente executivo da companhia a\u00e9rea, Einar Orn Olafsson, tinha dito estar otimista com a estrat\u00e9gia da empresa para o futuro, que passava por um aumento do n\u00famero de destinos populares de f\u00e9rias para os quais pretendia voar. Contactado pelo The New York Times sobre a fal\u00eancia esta segunda-feira, Olafsson n\u00e3o respondeu.<\/p>\n<p>            <script async src=\"https:\/\/platform.twitter.com\/widgets.js\" charset=\"utf-8\"><\/script><\/p>\n","protected":false},"excerpt":{"rendered":"A companhia a\u00e9rea islandesa Play, que assegurava v\u00e1rias liga\u00e7\u00f5es entre a capital da Isl\u00e2ndia, Reiquiavique, e v\u00e1rias cidades&hellip;\n","protected":false},"author":2,"featured_media":93012,"comment_status":"","ping_status":"","sticky":false,"template":"","format":"standard","meta":{"footnotes":""},"categories":[83],"tags":[1320,88,1816,89,90,445,23178,62,32,33,58],"class_list":{"0":"post-93011","1":"post","2":"type-post","3":"status-publish","4":"format-standard","5":"has-post-thumbnail","7":"category-empresas","8":"tag-aviau00e7u00e3o","9":"tag-business","10":"tag-companhias-au00e9reas","11":"tag-economy","12":"tag-empresas","13":"tag-europa","14":"tag-islu00e2ndia","15":"tag-mundo","16":"tag-portugal","17":"tag-pt","18":"tag-sociedade"},"share_on_mastodon":{"url":"","error":""},"_links":{"self":[{"href":"https:\/\/www.europesays.com\/pt\/wp-json\/wp\/v2\/posts\/93011","targetHints":{"allow":["GET"]}}],"collection":[{"href":"https:\/\/www.europesays.com\/pt\/wp-json\/wp\/v2\/posts"}],"about":[{"href":"https:\/\/www.europesays.com\/pt\/wp-json\/wp\/v2\/types\/post"}],"author":[{"embeddable":true,"href":"https:\/\/www.europesays.com\/pt\/wp-json\/wp\/v2\/users\/2"}],"replies":[{"embeddable":true,"href":"https:\/\/www.europesays.com\/pt\/wp-json\/wp\/v2\/comments?post=93011"}],"version-history":[{"count":0,"href":"https:\/\/www.europesays.com\/pt\/wp-json\/wp\/v2\/posts\/93011\/revisions"}],"wp:featuredmedia":[{"embeddable":true,"href":"https:\/\/www.europesays.com\/pt\/wp-json\/wp\/v2\/media\/93012"}],"wp:attachment":[{"href":"https:\/\/www.europesays.com\/pt\/wp-json\/wp\/v2\/media?parent=93011"}],"wp:term":[{"taxonomy":"category","embeddable":true,"href":"https:\/\/www.europesays.com\/pt\/wp-json\/wp\/v2\/categories?post=93011"},{"taxonomy":"post_tag","embeddable":true,"href":"https:\/\/www.europesays.com\/pt\/wp-json\/wp\/v2\/tags?post=93011"}],"curies":[{"name":"wp","href":"https:\/\/api.w.org\/{rel}","templated":true}]}}