{"id":93013,"date":"2025-09-30T12:14:17","date_gmt":"2025-09-30T12:14:17","guid":{"rendered":"https:\/\/www.europesays.com\/pt\/93013\/"},"modified":"2025-09-30T12:14:17","modified_gmt":"2025-09-30T12:14:17","slug":"crianca-desaparecida-desde-julho-encontrada-com-multiplas-lesoes-em-casa-devoluta","status":"publish","type":"post","link":"https:\/\/www.europesays.com\/pt\/93013\/","title":{"rendered":"Crian\u00e7a desaparecida desde julho encontrada com m\u00faltiplas les\u00f5es em casa devoluta"},"content":{"rendered":"<p>\t                Menino foi entregue \u00e0 m\u00e3e<\/p>\n<p>Um menino de 10 anos que estava desaparecido desde julho foi localizado pela Pol\u00edcia Judici\u00e1ria e entregue a m\u00e3e, &#8220;no \u00e2mbito de incumprimento das responsabilidades parentais por parte do pai&#8221;.<\/p>\n<p>Em comunicado, a Pol\u00edcia Judici\u00e1ria explica que &#8220;o\u00a0menor e o pai estavam, desde julho, em paradeiro desconhecido, havendo claros indicadores de que o progenitor tentava ocultar a localiza\u00e7\u00e3o do menor. Nesse sentido, cessou a sua presen\u00e7a online e desligou o telem\u00f3vel, n\u00e3o mantendo tamb\u00e9m quaisquer contactos com os seus familiares mais pr\u00f3ximos&#8221;.<\/p>\n<p>&#8220;Com o in\u00edcio do ano letivo e com o facto de a crian\u00e7a n\u00e3o ter comparecido \u00e0s aulas, foram intensificadas dilig\u00eancias na zona de Del\u00e3es, em Vila Nova de Famalic\u00e3o, vindo a localizar-se o menor no interior de uma habita\u00e7\u00e3o devoluta, sem eletricidade ou \u00e1gua canalizada, num local de encontro e pernoita de pessoas ligados ao consumo de produtos estupefacientes. O menor foi encontrado com o pai, em condi\u00e7\u00f5es manifestamente insalubres, envergando vestu\u00e1rio pertencente ao progenitor. Apresentava m\u00faltiplas les\u00f5es compat\u00edveis com picadas dispersas em v\u00e1rias zonas do corpo e evidenciava n\u00e3o ter tido qualquer cuidado de higiene, h\u00e1 muito tempo&#8221;, esclarece a nota.<\/p>\n<p>No local onde a crian\u00e7a foi encontrada &#8220;verificou-se, igualmente, a completa aus\u00eancia de condi\u00e7\u00f5es m\u00ednimas de habitabilidade no interior da habita\u00e7\u00e3o, inexistindo quaisquer g\u00e9neros aliment\u00edcios dispon\u00edveis&#8221;.<\/p>\n<p>A crian\u00e7a foi resgatada, entregue aos\u00a0cuidados da m\u00e3e e conduzida ao Hospital de Vila Nova de Famalic\u00e3o, para avalia\u00e7\u00e3o, em estreita comunica\u00e7\u00e3o com a CPCJ.<\/p>\n<p>\u00a0<\/p>\n","protected":false},"excerpt":{"rendered":"Menino foi entregue \u00e0 m\u00e3e Um menino de 10 anos que estava desaparecido desde julho foi localizado pela&hellip;\n","protected":false},"author":2,"featured_media":32280,"comment_status":"","ping_status":"","sticky":false,"template":"","format":"standard","meta":{"footnotes":""},"categories":[10],"tags":[609,836,611,27,28,607,608,333,832,604,6939,135,610,476,15,16,301,830,14,603,25,26,570,21,22,831,833,62,834,12,13,19,20,835,602,2445,52,32,23,24,33,3067,17,18,29,30,31],"class_list":{"0":"post-93013","1":"post","2":"type-post","3":"status-publish","4":"format-standard","5":"has-post-thumbnail","7":"category-portugal","8":"tag-alerta","9":"tag-analise","10":"tag-ao-minuto","11":"tag-breaking-news","12":"tag-breakingnews","13":"tag-cnn","14":"tag-cnn-portugal","15":"tag-comentadores","16":"tag-costa","17":"tag-crime","18":"tag-desaparecido","19":"tag-desporto","20":"tag-direto","21":"tag-economia","22":"tag-featured-news","23":"tag-featurednews","24":"tag-governo","25":"tag-guerra","26":"tag-headlines","27":"tag-justica","28":"tag-latest-news","29":"tag-latestnews","30":"tag-live","31":"tag-main-news","32":"tag-mainnews","33":"tag-mais-vistas","34":"tag-marcelo","35":"tag-mundo","36":"tag-negocios","37":"tag-news","38":"tag-noticias","39":"tag-noticias-principais","40":"tag-noticiasprincipais","41":"tag-opiniao","42":"tag-pais","43":"tag-policia-judiciaria","44":"tag-politica","45":"tag-portugal","46":"tag-principais-noticias","47":"tag-principaisnoticias","48":"tag-pt","49":"tag-telemovel","50":"tag-top-stories","51":"tag-topstories","52":"tag-ultimas","53":"tag-ultimas-noticias","54":"tag-ultimasnoticias"},"share_on_mastodon":{"url":"","error":""},"_links":{"self":[{"href":"https:\/\/www.europesays.com\/pt\/wp-json\/wp\/v2\/posts\/93013","targetHints":{"allow":["GET"]}}],"collection":[{"href":"https:\/\/www.europesays.com\/pt\/wp-json\/wp\/v2\/posts"}],"about":[{"href":"https:\/\/www.europesays.com\/pt\/wp-json\/wp\/v2\/types\/post"}],"author":[{"embeddable":true,"href":"https:\/\/www.europesays.com\/pt\/wp-json\/wp\/v2\/users\/2"}],"replies":[{"embeddable":true,"href":"https:\/\/www.europesays.com\/pt\/wp-json\/wp\/v2\/comments?post=93013"}],"version-history":[{"count":0,"href":"https:\/\/www.europesays.com\/pt\/wp-json\/wp\/v2\/posts\/93013\/revisions"}],"wp:featuredmedia":[{"embeddable":true,"href":"https:\/\/www.europesays.com\/pt\/wp-json\/wp\/v2\/media\/32280"}],"wp:attachment":[{"href":"https:\/\/www.europesays.com\/pt\/wp-json\/wp\/v2\/media?parent=93013"}],"wp:term":[{"taxonomy":"category","embeddable":true,"href":"https:\/\/www.europesays.com\/pt\/wp-json\/wp\/v2\/categories?post=93013"},{"taxonomy":"post_tag","embeddable":true,"href":"https:\/\/www.europesays.com\/pt\/wp-json\/wp\/v2\/tags?post=93013"}],"curies":[{"name":"wp","href":"https:\/\/api.w.org\/{rel}","templated":true}]}}