{"id":93111,"date":"2025-09-30T13:29:16","date_gmt":"2025-09-30T13:29:16","guid":{"rendered":"https:\/\/www.europesays.com\/pt\/93111\/"},"modified":"2025-09-30T13:29:16","modified_gmt":"2025-09-30T13:29:16","slug":"submarino-russo-em-risco-de-explosao-estara-perto-de-portugal","status":"publish","type":"post","link":"https:\/\/www.europesays.com\/pt\/93111\/","title":{"rendered":"submarino russo em risco de explos\u00e3o. Estar\u00e1 perto de Portugal"},"content":{"rendered":"<p class=\"wp-caption-text top\">Peter Ferrary \/ X<\/p>\n<p><img decoding=\"async\" loading=\"lazy\" class=\"size-kopa-image-size-3 wp-image-703278\" src=\"https:\/\/www.europesays.com\/pt\/wp-content\/uploads\/2025\/09\/791565eb0255d86ea7e045121256d7d9-783x450.jpg\" alt=\"\" width=\"700\" height=\"402\"  \/><\/p>\n<p class=\"wp-caption-text bot\">Submarino Novorossiysk<\/p>\n<p><strong>Novorossiysk visto a passar por Gibraltar h\u00e1 apenas quatro dias. A tripula\u00e7\u00e3o n\u00e3o consegue resolver os \u201cgraves problemas t\u00e9cnicos\u201d.<\/strong><\/p>\n<p>Um submarino da R\u00fassia, o <strong>Novorossiysk<\/strong> B-261, est\u00e1 a ter problemas graves, a n\u00edvel t\u00e9cnico. Em<strong> risco de explos\u00e3o<\/strong>, estar\u00e1<strong> perto de<\/strong> <strong>Portugal<\/strong> nesta altura.<\/p>\n<p>De acordo com o <a href=\"https:\/\/www.lefigaro.fr\/international\/l-equipage-est-incapable-de-resoudre-le-probleme-un-sous-marin-russe-en-perdition-dans-l-atlantique-20250928\" data-wpel-link=\"external\" target=\"_blank\" rel=\"nofollow external noopener noreferrer\" class=\"ext-link\">Le Figaro<\/a>, que cita o canal de oposi\u00e7\u00e3o ao Kremlin, Cheka-OGPU, o submarino est\u00e1 a enfrentar <strong>\u201cgraves problemas t\u00e9cnicos\u201d<\/strong> no Oceano Atl\u00e2ntico.<\/p>\n<p>H\u00e1 apenas quatro dias, na sexta-feira passada (dia 26), o Novorossiysk foi visto a emergir perto de <strong>Gibraltar.<\/strong> E parecia estar a <strong>dirigir-se para o Oceano Atl\u00e2ntico<\/strong>. Pode ir a caminho de uma base para repara\u00e7\u00e3o t\u00e9cnica, presumivelmente algures no Mar B\u00e1ltico.<\/p>\n<p>Ou seja, nesta altura estar\u00e1 perto de Portugal.<\/p>\n<blockquote class=\"twitter-tweet\">\n<p dir=\"ltr\" lang=\"en\"><a href=\"https:\/\/twitter.com\/Capt_Navy?ref_src=twsrc%5Etfw\" data-wpel-link=\"external\" target=\"_blank\" rel=\"nofollow external noopener noreferrer\" class=\"ext-link\">@Capt_Navy<\/a><br \/>Russian Submarine<br \/>RFS NOVOROSSIYSK B-261 \ud83c\uddf7\ud83c\uddfa<br \/>Strait of Gibraltar westbound Sep 26 2025 <a href=\"https:\/\/t.co\/rMMDvH6Mta\" data-wpel-link=\"external\" target=\"_blank\" rel=\"nofollow external noopener noreferrer\" class=\"ext-link\">pic.twitter.com\/rMMDvH6Mta<\/a><\/p>\n<p>\u2014 Peter Ferrary (@PeterFerrary) <a href=\"https:\/\/twitter.com\/PeterFerrary\/status\/1971845920787767297?ref_src=twsrc%5Etfw\" data-wpel-link=\"external\" target=\"_blank\" rel=\"nofollow external noopener noreferrer\" class=\"ext-link\">September 27, 2025<\/a><\/p>\n<\/blockquote>\n<p>O Novorossiysk faz parte da Frota Russa do Mar Negro h\u00e1 11 anos. Mas agora est\u00e1 com \u201c<strong>danos no sistema de combust\u00edvel \u2013 que est\u00e1 a vazar diretamente para o casco<\/strong>\u201c, l\u00ea-se na publica\u00e7\u00e3o no Telegram, citando documentos oficiais.<\/p>\n<p>\u201cDevido \u00e0 falta de pe\u00e7as de substitui\u00e7\u00e3o e de especialistas qualificados a bordo, a <strong>tripula\u00e7\u00e3o n\u00e3o consegue resolver o problema<\/strong>\u201c, continua o Cheka-OGPU.<\/p>\n<p>Ap\u00f3s este \u201cincidente grave\u201d, come\u00e7aram a surgir outros problemas e, com o combust\u00edvel acumulado no por\u00e3o, h\u00e1<strong> \u201crisco de explos\u00e3o\u201d<\/strong> do submarino.<\/p>\n<p>Assim, a tripula\u00e7\u00e3o estar\u00e1 obrigada a<strong> bombear o combust\u00edvel vazado diretamente para o mar<\/strong> \u2013 como \u00fanica forma de evitar uma explos\u00e3o, explica o <a href=\"https:\/\/impactpolicies.org\/news\/599\/russian-submarine-novorossiysk-incident-analysis-of-the-fuel-leak-crisis-and-its-implications\" data-wpel-link=\"external\" target=\"_blank\" rel=\"nofollow external noopener noreferrer\" class=\"ext-link\">ImpACT Internationa<\/a>l.<\/p>\n<p>A falta de apoio t\u00e9cnico, de pe\u00e7as de substitui\u00e7\u00e3o ou a aus\u00eancia experi\u00eancia a bordo originam uma situa\u00e7\u00e3o de <strong>grande press\u00e3o<\/strong> entre os tripulantes.<\/p>\n<p>O Novorossiysk B-261 est\u00e1 a ser monitorizado pelo P-8 Poseiden, um avi\u00e3o espi\u00e3o dos EUA. O Kremlin j\u00e1 ter\u00e1 enviado um navio de resgate para socorrer o submarino.<\/p>\n<p>    <a href=\"https:\/\/zap.aeiou.pt\/subscrever-newsletter\" data-wpel-link=\"internal\" rel=\"nofollow noopener\" target=\"_blank\">&#13;<br \/>\n        <img loading=\"lazy\" decoding=\"async\" class=\"aligncenter size-full wp-image-575475\" src=\"https:\/\/www.europesays.com\/pt\/wp-content\/uploads\/2025\/09\/1759090329_652_2d51fe4a0ba54894421ead1809309ed9-1-450x140.jpg\" alt=\"Subscreva a Newsletter ZAP\" width=\"450\" height=\"140\"\/>&#13;<br \/>\n    <\/a><\/p>\n<p>                <a href=\"https:\/\/whatsapp.com\/channel\/0029VaIC4EE2f3EJZPPSbR34\" data-wpel-link=\"external\" target=\"_blank\" rel=\"nofollow external noopener noreferrer\" class=\"ext-link\">&#13;<br \/>\n                    <img loading=\"lazy\" decoding=\"async\" class=\"aligncenter size-full wp-image-575475\" src=\"https:\/\/www.europesays.com\/pt\/wp-content\/uploads\/2025\/09\/1759090329_836_c68c559d956d4ca20f435ed74a6e71e6.png\" alt=\"Siga-nos no WhatsApp\" width=\"175\" height=\"64\"\/>&#13;<br \/>\n                <\/a><\/p>\n<p>                <a href=\"https:\/\/news.google.com\/publications\/CAAiEHRwZondIV71PDjWNoqMduEqFAgKIhB0cGaJ3SFe9Tw41jaKjHbh?hl=en-US&amp;gl=US&amp;ceid=US%3Aen\" data-wpel-link=\"external\" target=\"_blank\" rel=\"nofollow external noopener noreferrer\" class=\"ext-link\">&#13;<br \/>\n                    <img loading=\"lazy\" decoding=\"async\" class=\"aligncenter size-full wp-image-575475\" src=\"https:\/\/www.europesays.com\/pt\/wp-content\/uploads\/2025\/09\/1759090330_921_5123dd8b087b644fdb8f8603acd1bad4.png\" alt=\"Siga-nos no Google News\" width=\"176\" height=\"64\"\/>&#13;<br \/>\n                <\/a><\/p>\n<p>                <script async src=\"https:\/\/platform.twitter.com\/widgets.js\" charset=\"utf-8\"><\/script><\/p>\n","protected":false},"excerpt":{"rendered":"Peter Ferrary \/ X Submarino Novorossiysk Novorossiysk visto a passar por Gibraltar h\u00e1 apenas quatro dias. A tripula\u00e7\u00e3o&hellip;\n","protected":false},"author":2,"featured_media":93112,"comment_status":"","ping_status":"","sticky":false,"template":"","format":"standard","meta":{"footnotes":""},"categories":[50],"tags":[27,28,15,16,9088,14,25,26,21,22,2219,62,12,13,19,20,23,24,839,17,18,29,30,31,63,64,65],"class_list":{"0":"post-93111","1":"post","2":"type-post","3":"status-publish","4":"format-standard","5":"has-post-thumbnail","7":"category-mundo","8":"tag-breaking-news","9":"tag-breakingnews","10":"tag-featured-news","11":"tag-featurednews","12":"tag-gibraltar","13":"tag-headlines","14":"tag-latest-news","15":"tag-latestnews","16":"tag-main-news","17":"tag-mainnews","18":"tag-mar","19":"tag-mundo","20":"tag-news","21":"tag-noticias","22":"tag-noticias-principais","23":"tag-noticiasprincipais","24":"tag-principais-noticias","25":"tag-principaisnoticias","26":"tag-russia","27":"tag-top-stories","28":"tag-topstories","29":"tag-ultimas","30":"tag-ultimas-noticias","31":"tag-ultimasnoticias","32":"tag-world","33":"tag-world-news","34":"tag-worldnews"},"share_on_mastodon":{"url":"","error":""},"_links":{"self":[{"href":"https:\/\/www.europesays.com\/pt\/wp-json\/wp\/v2\/posts\/93111","targetHints":{"allow":["GET"]}}],"collection":[{"href":"https:\/\/www.europesays.com\/pt\/wp-json\/wp\/v2\/posts"}],"about":[{"href":"https:\/\/www.europesays.com\/pt\/wp-json\/wp\/v2\/types\/post"}],"author":[{"embeddable":true,"href":"https:\/\/www.europesays.com\/pt\/wp-json\/wp\/v2\/users\/2"}],"replies":[{"embeddable":true,"href":"https:\/\/www.europesays.com\/pt\/wp-json\/wp\/v2\/comments?post=93111"}],"version-history":[{"count":0,"href":"https:\/\/www.europesays.com\/pt\/wp-json\/wp\/v2\/posts\/93111\/revisions"}],"wp:featuredmedia":[{"embeddable":true,"href":"https:\/\/www.europesays.com\/pt\/wp-json\/wp\/v2\/media\/93112"}],"wp:attachment":[{"href":"https:\/\/www.europesays.com\/pt\/wp-json\/wp\/v2\/media?parent=93111"}],"wp:term":[{"taxonomy":"category","embeddable":true,"href":"https:\/\/www.europesays.com\/pt\/wp-json\/wp\/v2\/categories?post=93111"},{"taxonomy":"post_tag","embeddable":true,"href":"https:\/\/www.europesays.com\/pt\/wp-json\/wp\/v2\/tags?post=93111"}],"curies":[{"name":"wp","href":"https:\/\/api.w.org\/{rel}","templated":true}]}}