{"id":93119,"date":"2025-09-30T13:34:08","date_gmt":"2025-09-30T13:34:08","guid":{"rendered":"https:\/\/www.europesays.com\/pt\/93119\/"},"modified":"2025-09-30T13:34:08","modified_gmt":"2025-09-30T13:34:08","slug":"professor-de-extremoz-lanca-livro-de-poemas-sobre-o-cotidiano-nos-trilhos","status":"publish","type":"post","link":"https:\/\/www.europesays.com\/pt\/93119\/","title":{"rendered":"Professor de Extremoz lan\u00e7a livro de poemas sobre o cotidiano nos trilhos"},"content":{"rendered":"<p>O professor, m\u00fasico e poeta Manuel de Azevedo, de Extremoz, lan\u00e7a a nova edi\u00e7\u00e3o revista e ampliada do livro Brevi\u00e1rio Ferrovi\u00e1rio. A obra foi concebida durante suas viagens di\u00e1rias de trem entre Natal e Extremoz, no trajeto para a Escola Estadual Almirante Tamandar\u00e9.<\/p>\n<p>O livro re\u00fane mais de 50 poemas que t\u00eam como ponto de partida as experi\u00eancias vividas nos vag\u00f5es e a observa\u00e7\u00e3o do cotidiano da cidade.<\/p>\n<p>Brevi\u00e1rio Ferrovi\u00e1rio estar\u00e1 dispon\u00edvel no estande da Editora CJA durante a Feira Liter\u00e1ria do Cooperativismo (FLICOOP), que acontece de 7 a 11 de outubro, na Universidade do Estado do Rio Grande do Norte (UERN) \u2013 Zona Norte de Natal.<\/p>\n","protected":false},"excerpt":{"rendered":"O professor, m\u00fasico e poeta Manuel de Azevedo, de Extremoz, lan\u00e7a a nova edi\u00e7\u00e3o revista e ampliada do&hellip;\n","protected":false},"author":2,"featured_media":93120,"comment_status":"","ping_status":"","sticky":false,"template":"","format":"standard","meta":{"footnotes":""},"categories":[143],"tags":[169,114,115,170,32,33],"class_list":{"0":"post-93119","1":"post","2":"type-post","3":"status-publish","4":"format-standard","5":"has-post-thumbnail","7":"category-livros","8":"tag-books","9":"tag-entertainment","10":"tag-entretenimento","11":"tag-livros","12":"tag-portugal","13":"tag-pt"},"share_on_mastodon":{"url":"","error":""},"_links":{"self":[{"href":"https:\/\/www.europesays.com\/pt\/wp-json\/wp\/v2\/posts\/93119","targetHints":{"allow":["GET"]}}],"collection":[{"href":"https:\/\/www.europesays.com\/pt\/wp-json\/wp\/v2\/posts"}],"about":[{"href":"https:\/\/www.europesays.com\/pt\/wp-json\/wp\/v2\/types\/post"}],"author":[{"embeddable":true,"href":"https:\/\/www.europesays.com\/pt\/wp-json\/wp\/v2\/users\/2"}],"replies":[{"embeddable":true,"href":"https:\/\/www.europesays.com\/pt\/wp-json\/wp\/v2\/comments?post=93119"}],"version-history":[{"count":0,"href":"https:\/\/www.europesays.com\/pt\/wp-json\/wp\/v2\/posts\/93119\/revisions"}],"wp:featuredmedia":[{"embeddable":true,"href":"https:\/\/www.europesays.com\/pt\/wp-json\/wp\/v2\/media\/93120"}],"wp:attachment":[{"href":"https:\/\/www.europesays.com\/pt\/wp-json\/wp\/v2\/media?parent=93119"}],"wp:term":[{"taxonomy":"category","embeddable":true,"href":"https:\/\/www.europesays.com\/pt\/wp-json\/wp\/v2\/categories?post=93119"},{"taxonomy":"post_tag","embeddable":true,"href":"https:\/\/www.europesays.com\/pt\/wp-json\/wp\/v2\/tags?post=93119"}],"curies":[{"name":"wp","href":"https:\/\/api.w.org\/{rel}","templated":true}]}}