{"id":93139,"date":"2025-09-30T13:52:11","date_gmt":"2025-09-30T13:52:11","guid":{"rendered":"https:\/\/www.europesays.com\/pt\/93139\/"},"modified":"2025-09-30T13:52:11","modified_gmt":"2025-09-30T13:52:11","slug":"ii-liga-pacos-resiste-com-nove-e-empata-com-o-fc-porto-b","status":"publish","type":"post","link":"https:\/\/www.europesays.com\/pt\/93139\/","title":{"rendered":"II Liga: Pa\u00e7os resiste com nove e empata com o FC Porto B"},"content":{"rendered":"<p>O Pa\u00e7os de Ferreira e o FC Porto B <a href=\"https:\/\/maisfutebol.iol.pt\/resultadoseclassificacoes\/291\/Portugal\/Liga-de-Honra\" rel=\"nofollow noopener\" target=\"_blank\"><strong>empataram a dois golos na 6.\u00aa jornada da II Liga<\/strong><\/a>.<\/p>\n<p>Num duelo entre os dois \u00faltimos classificados, ainda sem qualquer vit\u00f3ria somada na competi\u00e7\u00e3o at\u00e9 ao momento, os azuis e brancos, a jogar na condi\u00e7\u00e3o de visitantes, adiantaram-se no marcador aos 14 minutos por interm\u00e9dio do avan\u00e7ado bielorrusso Trofim Melnichenko.<\/p>\n<p>J\u00e1 na reta final da primeira parte, os pacenses, que jogaram com uma estampagem de Carlos Barbosa &#8211; ex-presidente do clube, falecido a 7 de setembro &#8211; na zona frontal das camisolas, viraram o resultado com golos de Anilson (38m) e de Costinha (45+2m), num espetacular remate de meia-dist\u00e2ncia.<\/p>\n<p>A segunda parte come\u00e7ou praticamente com o cart\u00e3o vermelho direto a ser exibido a Kauan (48m), depois de um pontap\u00e9 em cheio na face de Diogo Fernandes, guarda-redes dos portistas.<\/p>\n<p>O FC Porto B empatou pouco depois por Brayan Caicedo, avan\u00e7ado colombiano que tinha sido lan\u00e7ado no jogo ao intervalo.<\/p>\n<p>Aos 70 minutos, Francisco Ramos viu o segundo amarelo e deixou o Pa\u00e7os reduzido a nove para uma reta final de partida de sentido \u00fanico, mas sem mais golos.<\/p>\n<p>Com este resultado, o Pa\u00e7os de Ferreira passa a somar 4 pontos na II Liga e mant\u00e9m-se no 17.\u00ba lugar, enquanto o FC Porto segue em 18.\u00ba e \u00faltimo com metade dos pontos do conjunto pacense.<\/p>\n<p style=\"margin-bottom:11px\">J\u00e1 segue o\u00a0<strong><a href=\"http:\/\/whatsapp.com\/channel\/0029Va9lGKPGOj9nW79Pd117\" title=\"http:\/\/whatsapp.com\/channel\/0029Va9lGKPGOj9nW79Pd117\" rel=\"nofollow noopener\" target=\"_blank\">canal de Whatsapp do Maisfutebol<\/a><\/strong>?<\/p>\n","protected":false},"excerpt":{"rendered":"O Pa\u00e7os de Ferreira e o FC Porto B empataram a dois golos na 6.\u00aa jornada da II&hellip;\n","protected":false},"author":2,"featured_media":93140,"comment_status":"","ping_status":"","sticky":false,"template":"","format":"standard","meta":{"footnotes":""},"categories":[87],"tags":[135,282,2421,280,5919,46,17415,32,33,47,11072,134],"class_list":{"0":"post-93139","1":"post","2":"type-post","3":"status-publish","4":"format-standard","5":"has-post-thumbnail","7":"category-desporto","8":"tag-desporto","9":"tag-fc-porto","10":"tag-fc-porto-b","11":"tag-futebol-nacional","12":"tag-ii-liga","13":"tag-maisfutebol","14":"tag-pacos-ferreira","15":"tag-portugal","16":"tag-pt","17":"tag-pura-paixao","18":"tag-resultados-ii-liga","19":"tag-sports"},"share_on_mastodon":{"url":"","error":""},"_links":{"self":[{"href":"https:\/\/www.europesays.com\/pt\/wp-json\/wp\/v2\/posts\/93139","targetHints":{"allow":["GET"]}}],"collection":[{"href":"https:\/\/www.europesays.com\/pt\/wp-json\/wp\/v2\/posts"}],"about":[{"href":"https:\/\/www.europesays.com\/pt\/wp-json\/wp\/v2\/types\/post"}],"author":[{"embeddable":true,"href":"https:\/\/www.europesays.com\/pt\/wp-json\/wp\/v2\/users\/2"}],"replies":[{"embeddable":true,"href":"https:\/\/www.europesays.com\/pt\/wp-json\/wp\/v2\/comments?post=93139"}],"version-history":[{"count":0,"href":"https:\/\/www.europesays.com\/pt\/wp-json\/wp\/v2\/posts\/93139\/revisions"}],"wp:featuredmedia":[{"embeddable":true,"href":"https:\/\/www.europesays.com\/pt\/wp-json\/wp\/v2\/media\/93140"}],"wp:attachment":[{"href":"https:\/\/www.europesays.com\/pt\/wp-json\/wp\/v2\/media?parent=93139"}],"wp:term":[{"taxonomy":"category","embeddable":true,"href":"https:\/\/www.europesays.com\/pt\/wp-json\/wp\/v2\/categories?post=93139"},{"taxonomy":"post_tag","embeddable":true,"href":"https:\/\/www.europesays.com\/pt\/wp-json\/wp\/v2\/tags?post=93139"}],"curies":[{"name":"wp","href":"https:\/\/api.w.org\/{rel}","templated":true}]}}