{"id":93157,"date":"2025-09-30T14:07:08","date_gmt":"2025-09-30T14:07:08","guid":{"rendered":"https:\/\/www.europesays.com\/pt\/93157\/"},"modified":"2025-09-30T14:07:08","modified_gmt":"2025-09-30T14:07:08","slug":"prefeitura-de-pelotas-prorroga-emergencia-em-saude-por-quatro-meses","status":"publish","type":"post","link":"https:\/\/www.europesays.com\/pt\/93157\/","title":{"rendered":"Prefeitura de Pelotas prorroga emerg\u00eancia em sa\u00fade por quatro meses"},"content":{"rendered":"<p>A Prefeitura de <a href=\"https:\/\/www.correiodopovo.com.br\/topicos\/Tag\/Pelotas%20\" target=\"_blank\" rel=\"nofollow noopener\"><strong>Pelotas<\/strong><\/a> anunciou a prorroga\u00e7\u00e3o da validade do <strong><a href=\"https:\/\/www.correiodopovo.com.br\/not%C3%ADcias\/sa%C3%BAde\/pelotas-decreta-emerg%C3%AAncia-em-sa%C3%BAde-p%C3%BAblica-e-apresenta-plano-de-a%C3%A7%C3%B5es-1.1614377\" target=\"_blank\" rel=\"nofollow noopener\">decreto de emerg\u00eancia em sa\u00fade p\u00fablica<\/a><\/strong> por mais 120 dias. O documento foi assinado no dia 30 de maio pelo prefeito <strong><a href=\"https:\/\/www.correiodopovo.com.br\/topicos\/Tag\/fernando%20marroni\" target=\"_blank\" rel=\"nofollow noopener\">Fernando Marroni<\/a><\/strong>. Ap\u00f3s an\u00e1lise da situa\u00e7\u00e3o epidemiol\u00f3gica, a Secretaria Municipal de Sa\u00fade, concluiu pela necessidade de prorroga\u00e7\u00e3o das medidas.<\/p>\n<p>H\u00e1 quatro meses, a previs\u00e3o de amplia\u00e7\u00e3o de cobertura vacinal, com mais de 50 atividades extras, tinha como objetivo a redu\u00e7\u00e3o nos casos de pessoas doentes. Por\u00e9m, com a falta de resposta por parte da popula\u00e7\u00e3o \u00e0 vacina\u00e7\u00e3o, os \u00edndices de interna\u00e7\u00f5es por influenza, covid-19 e s\u00edndromes respirat\u00f3rias seguiu alto.<\/p>\n<p>Segundo informa\u00e7\u00f5es da secretaria, de maio at\u00e9 15 de setembro, 140 pessoas foram internadas por Covid-19 ou influenza. Destas, 80% n\u00e3o estavam vacinadas, mesmo \u00edndice em rela\u00e7\u00e3o \u00e0s interna\u00e7\u00f5es por s\u00edndromes gripais, que no mesmo per\u00edodo registrou 373 casos. Nos \u00faltimos quatro meses, 21 pessoas perderam a vida por estas doen\u00e7as.<\/p>\n<p>No per\u00edodo, o munic\u00edpio adotou algumas medidas, como a disponibiliza\u00e7\u00e3o de Unidades B\u00e1sicas de Sa\u00fade (UBS) com hor\u00e1rio estendido at\u00e9 \u00e0s 22h, a\u00e7\u00f5es fora das estruturas da sa\u00fade, medica\u00e7\u00e3o Oseltamivir destinada a tratar casos de H1N1 e Pronto-Socorro (PS) Cuida Mais (programa que disponibiliza equipe de enfermagem e motorista para atendimento domiciliar di\u00e1rio). A iniciativa atendeu 62 pacientes no per\u00edodo, que teriam que permanecer no PS caso o programa n\u00e3o fosse executado.<\/p>\n<p>Al\u00e9m disso, foram adquiridos dez leitos cl\u00ednicos e outros dez de UTI. Com tudo, a ocupa\u00e7\u00e3o do PS seguiu alta, com 154,53% em leitos cl\u00ednicos e 98,10% em emerg\u00eancia. As notifica\u00e7\u00f5es por s\u00edndromes gripais seguem altas. O quadro gerou sobrecarga na rede hospitalar e repercutiu no adiamento de cirurgias eletivas.<\/p>\n<p>Veja Tamb\u00e9m<\/p>\n","protected":false},"excerpt":{"rendered":"A Prefeitura de Pelotas anunciou a prorroga\u00e7\u00e3o da validade do decreto de emerg\u00eancia em sa\u00fade p\u00fablica por mais&hellip;\n","protected":false},"author":2,"featured_media":93158,"comment_status":"","ping_status":"","sticky":false,"template":"","format":"standard","meta":{"footnotes":""},"categories":[86],"tags":[2641,23205,116,9273,32,23206,33,117,9886],"class_list":{"0":"post-93157","1":"post","2":"type-post","3":"status-publish","4":"format-standard","5":"has-post-thumbnail","7":"category-saude","8":"tag-covid-19","9":"tag-emergencia-em-saude","10":"tag-health","11":"tag-pelotas","12":"tag-portugal","13":"tag-pronto-socorro","14":"tag-pt","15":"tag-saude","16":"tag-srag"},"share_on_mastodon":{"url":"","error":""},"_links":{"self":[{"href":"https:\/\/www.europesays.com\/pt\/wp-json\/wp\/v2\/posts\/93157","targetHints":{"allow":["GET"]}}],"collection":[{"href":"https:\/\/www.europesays.com\/pt\/wp-json\/wp\/v2\/posts"}],"about":[{"href":"https:\/\/www.europesays.com\/pt\/wp-json\/wp\/v2\/types\/post"}],"author":[{"embeddable":true,"href":"https:\/\/www.europesays.com\/pt\/wp-json\/wp\/v2\/users\/2"}],"replies":[{"embeddable":true,"href":"https:\/\/www.europesays.com\/pt\/wp-json\/wp\/v2\/comments?post=93157"}],"version-history":[{"count":0,"href":"https:\/\/www.europesays.com\/pt\/wp-json\/wp\/v2\/posts\/93157\/revisions"}],"wp:featuredmedia":[{"embeddable":true,"href":"https:\/\/www.europesays.com\/pt\/wp-json\/wp\/v2\/media\/93158"}],"wp:attachment":[{"href":"https:\/\/www.europesays.com\/pt\/wp-json\/wp\/v2\/media?parent=93157"}],"wp:term":[{"taxonomy":"category","embeddable":true,"href":"https:\/\/www.europesays.com\/pt\/wp-json\/wp\/v2\/categories?post=93157"},{"taxonomy":"post_tag","embeddable":true,"href":"https:\/\/www.europesays.com\/pt\/wp-json\/wp\/v2\/tags?post=93157"}],"curies":[{"name":"wp","href":"https:\/\/api.w.org\/{rel}","templated":true}]}}