{"id":93184,"date":"2025-09-30T14:34:08","date_gmt":"2025-09-30T14:34:08","guid":{"rendered":"https:\/\/www.europesays.com\/pt\/93184\/"},"modified":"2025-09-30T14:34:08","modified_gmt":"2025-09-30T14:34:08","slug":"poupa-as-lagrimas-casa-branca-responde-com-ironia-a-alfinetadas-de-ariana-grande","status":"publish","type":"post","link":"https:\/\/www.europesays.com\/pt\/93184\/","title":{"rendered":"&#8220;Poupa as l\u00e1grimas&#8221;. Casa Branca responde com ironia a alfinetadas de Ariana Grande"},"content":{"rendered":"<p>A cantora &#8220;alfinetou&#8221; o eleitorado do chefe de Estado, lan\u00e7ando-lhe uma quest\u00e3o: &#8220;A vossa vida ficou melhor?&#8221;. O texto partilhado \u00e9 uma publica\u00e7\u00e3o do podcast &#8220;A bit fruity&#8221;, que lamenta a ret\u00f3rica transf\u00f3bica, a viol\u00eancia contra imigrantes e as amea\u00e7as \u00e0 democracia.<\/p>\n<p data-remotead-prev-elm=\"true\" data-remotead-elm-id=\"inread\">&#8220;Quero falar com os eleitores de Trump. Tenho uma quest\u00e3o genu\u00edna: passaram 250 dias. Agora que os imigrantes foram violentamente arrancados das suas fam\u00edlias e as comunidades destru\u00eddas, agora que as pessoas &#8216;trans&#8217; t\u00eam sido culpadas de praticamente tudo e vivem com medo, agora que a liberdade de express\u00e3o est\u00e1 \u00e0 beira do colapso para todos n\u00f3s &#8211; a vossa vida ficou melhor?&#8221;, l\u00ea-se na publica\u00e7\u00e3o.<\/p>\n<p>A Casa Branca, atrav\u00e9s do porta-voz Kush Desai, n\u00e3o tardou a responder, utilizando t\u00edtulos de conhecidas m\u00fasicas da artista no comunicado citado pelo &#8220;New York Post&#8221;.<\/p>\n<p data-remotead-prev-elm=\"true\" data-remotead-elm-id=\"centro1\">&#8220;Poupa as tuas l\u00e1grimas, Ariana [&#8216;Save Your Tears&#8217;, em ingl\u00eas, numa refer\u00eancia \u00e0 m\u00fasica da artista com The Weeknd]. As a\u00e7\u00f5es do presidente Trump acabaram com a crise da infla\u00e7\u00e3o de Joe Biden e est\u00e3o a trazer trili\u00f5es de novos investimentos&#8221;.<\/p>\n<p>&#8220;Ele at\u00e9 assinou uma ordem executiva que abriu caminho ao FTC para combater a Ticketmaster, que estava a explorar os f\u00e3s da Ariana Grande. As melhoras, Ariana&#8221;, afirmou, numa alus\u00e3o \u00e0 m\u00fasica &#8220;Get Well Soon&#8221;.<\/p>\n<p data-remotead-prev-elm=\"true\" data-remotead-elm-id=\"centro2\">Ariana Grande apoiou publicamente Kamala Harris nas \u00faltimas elei\u00e7\u00f5es, que Donald Trump venceu, e tem uma voz ativa no que diz respeito \u00e0 defesa da comunidade trans e \u00e0s pol\u00edticas de deporta\u00e7\u00e3o dos EUA.<\/p>\n","protected":false},"excerpt":{"rendered":"A cantora &#8220;alfinetou&#8221; o eleitorado do chefe de Estado, lan\u00e7ando-lhe uma quest\u00e3o: &#8220;A vossa vida ficou melhor?&#8221;. O&hellip;\n","protected":false},"author":2,"featured_media":93185,"comment_status":"","ping_status":"","sticky":false,"template":"","format":"standard","meta":{"footnotes":""},"categories":[141],"tags":[1940,5914,114,115,413,62,149,150,32,33],"class_list":{"0":"post-93184","1":"post","2":"type-post","3":"status-publish","4":"format-standard","5":"has-post-thumbnail","7":"category-musica","8":"tag-ariana-grande","9":"tag-casa-branca","10":"tag-entertainment","11":"tag-entretenimento","12":"tag-eua","13":"tag-mundo","14":"tag-music","15":"tag-musica","16":"tag-portugal","17":"tag-pt"},"share_on_mastodon":{"url":"","error":""},"_links":{"self":[{"href":"https:\/\/www.europesays.com\/pt\/wp-json\/wp\/v2\/posts\/93184","targetHints":{"allow":["GET"]}}],"collection":[{"href":"https:\/\/www.europesays.com\/pt\/wp-json\/wp\/v2\/posts"}],"about":[{"href":"https:\/\/www.europesays.com\/pt\/wp-json\/wp\/v2\/types\/post"}],"author":[{"embeddable":true,"href":"https:\/\/www.europesays.com\/pt\/wp-json\/wp\/v2\/users\/2"}],"replies":[{"embeddable":true,"href":"https:\/\/www.europesays.com\/pt\/wp-json\/wp\/v2\/comments?post=93184"}],"version-history":[{"count":0,"href":"https:\/\/www.europesays.com\/pt\/wp-json\/wp\/v2\/posts\/93184\/revisions"}],"wp:featuredmedia":[{"embeddable":true,"href":"https:\/\/www.europesays.com\/pt\/wp-json\/wp\/v2\/media\/93185"}],"wp:attachment":[{"href":"https:\/\/www.europesays.com\/pt\/wp-json\/wp\/v2\/media?parent=93184"}],"wp:term":[{"taxonomy":"category","embeddable":true,"href":"https:\/\/www.europesays.com\/pt\/wp-json\/wp\/v2\/categories?post=93184"},{"taxonomy":"post_tag","embeddable":true,"href":"https:\/\/www.europesays.com\/pt\/wp-json\/wp\/v2\/tags?post=93184"}],"curies":[{"name":"wp","href":"https:\/\/api.w.org\/{rel}","templated":true}]}}