{"id":93200,"date":"2025-09-30T14:46:50","date_gmt":"2025-09-30T14:46:50","guid":{"rendered":"https:\/\/www.europesays.com\/pt\/93200\/"},"modified":"2025-09-30T14:46:50","modified_gmt":"2025-09-30T14:46:50","slug":"noticias-da-secretaria","status":"publish","type":"post","link":"https:\/\/www.europesays.com\/pt\/93200\/","title":{"rendered":"Noticias da Secretaria"},"content":{"rendered":"<p dir=\"ltr\">O <strong>Governo do Estado de S\u00e3o Paulo<\/strong>, por meio da <strong>Secretaria da Cultura, Economia e Ind\u00fastria Criativas<\/strong>, divulgou nesta ter\u00e7a-feira (30), no Di\u00e1rio Oficial, os <strong>finalistas da 18\u00aa edi\u00e7\u00e3o do Pr\u00eamio S\u00e3o Paulo de Literatura<\/strong>, considerado o maior do pa\u00eds para publica\u00e7\u00f5es do g\u00eanero. Ao todo, 20 obras foram selecionadas, distribu\u00eddas entre as categorias \u201cMelhor Romance do Ano de 2024\u201d e \u201cMelhor Romance de Estreia do Ano de 2024\u201d. Entre os finalistas, h\u00e1 autores de oito Estados: S\u00e3o Paulo (8), Rio de Janeiro (4), Pernambuco (2), Minas Gerais (2), Rio Grande do Sul (2), Cear\u00e1 (1) e Paran\u00e1 (1). Treze dos selecionados s\u00e3o mulheres.<\/p>\n<p dir=\"ltr\">As obras finalistas foram publicadas por doze casas editoriais: Editora 34, Aboio, Alfaguara, Aut\u00eantica Contempor\u00e2nea, Bazar do Tempo, Companhia das Letras, F\u00f3sforo, Maralto, Patu\u00e1, Record, Reformat\u00f3rio e Todavia.<\/p>\n<p dir=\"ltr\"><strong>Finalistas Categoria Melhor Romance de 2024<\/strong><\/p>\n<p dir=\"ltr\">Os grandes carn\u00edvoros, de Adriana Lisboa &#8211; Editora Alfaguara<br \/>No muro da nossa casa, de Ana Kiffer &#8211; Editora Bazar do Tempo<br \/>Guerra I &#8211; Ofensiva paraguaia e rea\u00e7\u00e3o aliada novembro de 1864 a mar\u00e7o de 1866, de Beatriz Bracher &#8211; Editora 34<br \/>Vento vazio, de Marcela Dant\u00e9s &#8211; Editora Companhia das Letras\u00a0<br \/>Escalavra, de Marcelino Freire &#8211; Editora Record<br \/>A \u00e1rvore mais sozinha do mundo, de Mariana Salom\u00e3o Carrara &#8211; Todavia Editora\u00a0<br \/>Casa de fam\u00edlia, de Paula F\u00e1brio &#8211; Editora Companhia das Letras<br \/>Rio sangue, de Ronaldo Correia de Brito &#8211; Editora Alfaguara<br \/>Ressuscitar mamutes, de Silvana Tavano -Editora Aut\u00eantica Contempor\u00e2nea<br \/>Krakatoa, de Veronica Stigger &#8211; Todavia Editora<\/p>\n<p dir=\"ltr\"><strong>Categoria Melhor Romance de Estreia de 2024<\/strong><\/p>\n<p dir=\"ltr\">Neca, de Amara Moira &#8211; Editora Companhia das Letras<br \/>Lia, de Caetano W. Galindo &#8211; Editora Companhia das Letras\u00a0<br \/>Avenida Beberibe, de Claudia Cavalcanti &#8211; F\u00f3sforo Editora<br \/>O embranquecimento, de Evandro Cruz Silva &#8211; Editora Patu\u00e1\u00a0<br \/>Fora da rota, de Evelyn Blaut &#8211; Todavia Editora<br \/>O que resta a partir daqui, de Fl\u00e1via Braz &#8211; Aboio Editora<br \/>A uni\u00e3o das Coreias, de Luiz Gustavo Medeiros &#8211; Editora Reformat\u00f3rio<br \/>O \u00faltimo dos copistas, de Marc\u00edlio Fran\u00e7a Castro &#8211; Editora Companhia das Letras\u00a0<br \/>A inf\u00e2ncia de Joana, de Mariana Ianelli &#8211; Maralto Edi\u00e7\u00f5es<br \/>As fronteiras de Oline, de Rafael Zoehler &#8211; Editora Patu\u00e1<\/p>\n<p dir=\"ltr\">\u201cO Pr\u00eamio S\u00e3o Paulo de Literatura reafirma nosso compromisso com a valoriza\u00e7\u00e3o da literatura brasileira contempor\u00e2nea. Desde sua cria\u00e7\u00e3o, ele tem impulsionado novos talentos, fortalecido o mercado editorial e ampliado o di\u00e1logo entre autores e leitores, dentro e fora do pa\u00eds. \u00c9 uma iniciativa que n\u00e3o apenas celebra a qualidade liter\u00e1ria, mas tamb\u00e9m amplia o acesso e a forma\u00e7\u00e3o de p\u00fablicos para a leitura\u201d, destaca Marilia Marton, secret\u00e1ria da Cultura, Economia e Ind\u00fastria Criativas do Estado de S\u00e3o Paulo.<\/p>\n<p dir=\"ltr\">\u00a0<br \/>Nesta edi\u00e7\u00e3o, concorreram 323 obras, sendo 158 para a categoria \u201cMelhor Romance do Ano\u201d e 165 para \u201cMelhor Romance de Estreia\u201d. Os livros foram avaliados por um j\u00fari composto por Antonio Carlos Sartini, Chris Ritchie, Diana Navas, Guilherme Sobota, Marcelo Ariel, Andressa Veronesi, Elaine Cristina Prado dos Santos, Felipe Franco Munhoz, Roberta Ferraz e Rog\u00e9rio Pereira.<\/p>\n<p dir=\"ltr\">Os vencedores ser\u00e3o anunciados em 24 de novembro, em cerim\u00f4nia na Biblioteca Parque Villa-Lobos, em S\u00e3o Paulo. Cada um receber\u00e1 o pr\u00eamio de R$ 200 mil, reafirmando o compromisso do Pr\u00eamio S\u00e3o Paulo de Literatura com a valoriza\u00e7\u00e3o dos escritores brasileiros. A avalia\u00e7\u00e3o final ficar\u00e1 a cargo do corpo de curadores do pr\u00eamio: Janaina Soggia, Jos\u00e9 Luiz Tahan, Jurandy Valen\u00e7a, Sandra Espilotro e Ubiratan Brasil.<br \/>\u00a0<\/p>\n","protected":false},"excerpt":{"rendered":"O Governo do Estado de S\u00e3o Paulo, por meio da Secretaria da Cultura, Economia e Ind\u00fastria Criativas, divulgou&hellip;\n","protected":false},"author":2,"featured_media":64014,"comment_status":"","ping_status":"","sticky":false,"template":"","format":"standard","meta":{"footnotes":""},"categories":[143],"tags":[169,114,115,170,32,33],"class_list":{"0":"post-93200","1":"post","2":"type-post","3":"status-publish","4":"format-standard","5":"has-post-thumbnail","7":"category-livros","8":"tag-books","9":"tag-entertainment","10":"tag-entretenimento","11":"tag-livros","12":"tag-portugal","13":"tag-pt"},"share_on_mastodon":{"url":"","error":""},"_links":{"self":[{"href":"https:\/\/www.europesays.com\/pt\/wp-json\/wp\/v2\/posts\/93200","targetHints":{"allow":["GET"]}}],"collection":[{"href":"https:\/\/www.europesays.com\/pt\/wp-json\/wp\/v2\/posts"}],"about":[{"href":"https:\/\/www.europesays.com\/pt\/wp-json\/wp\/v2\/types\/post"}],"author":[{"embeddable":true,"href":"https:\/\/www.europesays.com\/pt\/wp-json\/wp\/v2\/users\/2"}],"replies":[{"embeddable":true,"href":"https:\/\/www.europesays.com\/pt\/wp-json\/wp\/v2\/comments?post=93200"}],"version-history":[{"count":0,"href":"https:\/\/www.europesays.com\/pt\/wp-json\/wp\/v2\/posts\/93200\/revisions"}],"wp:featuredmedia":[{"embeddable":true,"href":"https:\/\/www.europesays.com\/pt\/wp-json\/wp\/v2\/media\/64014"}],"wp:attachment":[{"href":"https:\/\/www.europesays.com\/pt\/wp-json\/wp\/v2\/media?parent=93200"}],"wp:term":[{"taxonomy":"category","embeddable":true,"href":"https:\/\/www.europesays.com\/pt\/wp-json\/wp\/v2\/categories?post=93200"},{"taxonomy":"post_tag","embeddable":true,"href":"https:\/\/www.europesays.com\/pt\/wp-json\/wp\/v2\/tags?post=93200"}],"curies":[{"name":"wp","href":"https:\/\/api.w.org\/{rel}","templated":true}]}}