{"id":93209,"date":"2025-09-30T14:51:07","date_gmt":"2025-09-30T14:51:07","guid":{"rendered":"https:\/\/www.europesays.com\/pt\/93209\/"},"modified":"2025-09-30T14:51:07","modified_gmt":"2025-09-30T14:51:07","slug":"testagem-rapida-pilar-da-eliminacao-da-transmissao-vertical-do-hiv","status":"publish","type":"post","link":"https:\/\/www.europesays.com\/pt\/93209\/","title":{"rendered":"Testagem r\u00e1pida: pilar da elimina\u00e7\u00e3o da transmiss\u00e3o vertical do HIV"},"content":{"rendered":"<p> 1  <\/p>\n<p class=\"s6\">O Brasil encontra-se em fase avan\u00e7ada para obter, junto \u00e0 Organiza\u00e7\u00e3o Mundial da Sa\u00fade (OMS) e \u00e0 Organiza\u00e7\u00e3o Pan-Americana da Sa\u00fade (OPAS), a certifica\u00e7\u00e3o de elimina\u00e7\u00e3o da transmiss\u00e3o vertical (TV) do HIV. Essa valida\u00e7\u00e3o reconhece os pa\u00edses que atingem n\u00edveis sustentados muito baixos de transmiss\u00e3o de m\u00e3e para filho e possuem sistemas de sa\u00fade estruturados para garantir o cuidado materno-infantil. Em 2023, o pa\u00eds registrou taxa de transmiss\u00e3o vertical abaixo de 2% e incid\u00eancia de HIV em crian\u00e7as menor que 0,5 por 1.000 nascidos vivos, valores compat\u00edveis com os crit\u00e9rios internacionais.<\/p>\n<p class=\"s6\">O Brasil, por sua dimens\u00e3o continental e grande heterogeneidade regional, enfrenta desafios \u00fanicos para alcan\u00e7ar a elimina\u00e7\u00e3o da transmiss\u00e3o vertical do HIV. Manter altas coberturas de pr\u00e9-natal, garantir in\u00edcio oportuno da terapia antirretroviral (TARV) e estruturar sistemas de informa\u00e7\u00e3o robustos s\u00e3o pontos cr\u00edticos num pa\u00eds de escala continental. Ainda assim, o pa\u00eds tem avan\u00e7ado de forma consistente e se aproxima dos crit\u00e9rios internacionais.<\/p>\n<p>A iniciativa de elimina\u00e7\u00e3o da transmiss\u00e3o vertical foi lan\u00e7ada pela OPAS em 2010, com a Estrat\u00e9gia e Plano de A\u00e7\u00e3o para HIV e s\u00edfilis, ampliada em 2017 (EMTCT-Plus) para incluir hepatite B e doen\u00e7a de Chagas. Outros pa\u00edses j\u00e1 receberam a certifica\u00e7\u00e3o, como Cuba (2015), Dominica (2020), Belize, Jamaica e S\u00e3o Vicente e Granadinas (2024), o que demonstra que a elimina\u00e7\u00e3o \u00e9 poss\u00edvel e que o Brasil est\u00e1 no caminho certo para se tornar o maior pa\u00eds do mundo a conquistar esse reconhecimento.<\/p>\n<p class=\"s6\">A introdu\u00e7\u00e3o da testagem r\u00e1pida para HIV transformou a forma como o Brasil enfrenta a transmiss\u00e3o vertical. Antes, o tempo entre a coleta do exame e a entrega do resultado podia significar semanas \u2014 ou at\u00e9 meses \u2014 e, nesse intervalo, muitas gestantes eram perdidas no seguimento, sem iniciar a TARV em tempo de proteger o beb\u00ea.<\/p>\n<p>Com o teste r\u00e1pido, o diagn\u00f3stico passou a ser imediato, permitindo iniciar o tratamento j\u00e1 na mesma consulta. Isso eliminou um dos principais gargalos hist\u00f3ricos da preven\u00e7\u00e3o: a perda de oportunidade. Gra\u00e7as a esse avan\u00e7o, a mulher n\u00e3o precisa esperar resultados laboratoriais ou retornar em outra data \u2014 a decis\u00e3o cl\u00ednica e o in\u00edcio do cuidado s\u00e3o imediatos.<\/p>\n<p class=\"s6\">Outra contribui\u00e7\u00e3o fundamental \u00e9 a possibilidade de testagem na admiss\u00e3o para o parto, em casos de mulheres que n\u00e3o realizaram pr\u00e9-natal. Essa estrat\u00e9gia assegura que mesmo em cen\u00e1rios de vulnerabilidade ou baixa ades\u00e3o, a crian\u00e7a tenha acesso a medidas preventivas, como profilaxia antirretroviral, reduzindo drasticamente o risco de infec\u00e7\u00e3o. Assim, a testagem r\u00e1pida n\u00e3o apenas amplia cobertura, mas salva vidas em situa\u00e7\u00f5es cr\u00edticas.<\/p>\n<p class=\"s6\">A grande for\u00e7a da testagem r\u00e1pida est\u00e1 na sua simplicidade. O exame pode ser realizado por qualquer profissional de sa\u00fade devidamente capacitado, inclusive por meio de treinamentos a dist\u00e2ncia (EaD), como os oferecidos pelo Telelab do Minist\u00e9rio da Sa\u00fade. Isso permitiu descentralizar a testagem para milhares de unidades b\u00e1sicas de sa\u00fade em todo o territ\u00f3rio nacional, inclusive em \u00e1reas remotas, quebrando a depend\u00eancia de laborat\u00f3rios centrais e garantindo acesso universal.<\/p>\n<p>Outro ponto essencial \u00e9 que a testagem r\u00e1pida n\u00e3o exige pedido m\u00e9dico formal. Basta a gestante ou a mulher em idade f\u00e9rtil procurar a unidade de sa\u00fade para que o teste seja oferecido, o que reduz barreiras burocr\u00e1ticas e amplia o alcance populacional.<\/p>\n<p class=\"s6\">O avan\u00e7o da distribui\u00e7\u00e3o de testes r\u00e1pidos no Brasil ilustra essa prioriza\u00e7\u00e3o. Em 2012, foram distribu\u00eddos aproximadamente 2.307.615 testes r\u00e1pidos de HIV em todo o pa\u00eds. Em 2023, esse n\u00famero atingiu 16.006.013 unidades, um crescimento de quase sete vezes no per\u00edodo. Esse aumento geral permite inferir tamb\u00e9m maior disponibilidade para gestantes, contribuindo para a amplia\u00e7\u00e3o da cobertura no pr\u00e9-natal. A introdu\u00e7\u00e3o do teste r\u00e1pido \u201cduo\u201d no pr\u00e9-natal, a partir de 2024, refor\u00e7ou esse processo ao garantir detec\u00e7\u00e3o simult\u00e2nea de HIV e s\u00edfilis em uma mesma consulta, fortalecendo a preven\u00e7\u00e3o da transmiss\u00e3o vertical.<\/p>\n<p class=\"s6\">O Brasil tamb\u00e9m inovou ao implementar um processo de certifica\u00e7\u00e3o subnacional a partir de 2022, reconhecendo munic\u00edpios e estados que alcan\u00e7am ou se aproximam das metas de elimina\u00e7\u00e3o. Curitiba foi o primeiro munic\u00edpio brasileiro a obter a certifica\u00e7\u00e3o de elimina\u00e7\u00e3o da TV do HIV, mantendo-a desde ent\u00e3o. Outros munic\u00edpios, como S\u00e3o Paulo, Umuarama, Londrina e Maring\u00e1, tamb\u00e9m j\u00e1 foram certificados, e at\u00e9 2024 havia mais de 150 munic\u00edpios certificados em 19 estados, al\u00e9m de 10 certifica\u00e7\u00f5es estaduais. Esse movimento engaja gestores locais, organiza fluxos assistenciais e qualifica a vigil\u00e2ncia.<\/p>\n<p class=\"s6\">Cada teste r\u00e1pido realizado em uma gestante \u00e9, na pr\u00e1tica, um ato de preven\u00e7\u00e3o da transmiss\u00e3o vertical. O diagn\u00f3stico imediato, seguido de tratamento adequado, impede que o HIV seja transmitido ao beb\u00ea durante a gesta\u00e7\u00e3o, parto ou amamenta\u00e7\u00e3o. A testagem r\u00e1pida deve, portanto, ser entendida n\u00e3o apenas como um insumo diagn\u00f3stico, mas como uma estrat\u00e9gia de sa\u00fade p\u00fablica essencial \u2014 uma ferramenta simples, segura e eficaz que transforma o curso da epidemia de HIV, protege mulheres e crian\u00e7as, e possibilita que o Brasil alcance a certifica\u00e7\u00e3o internacional de elimina\u00e7\u00e3o da transmiss\u00e3o vertical. A expans\u00e3o da cobertura de testagem, aliada \u00e0 incorpora\u00e7\u00e3o dos testes \u201cduo\u201d e ao processo de certifica\u00e7\u00e3o subnacional, explicam por que a elimina\u00e7\u00e3o deixou de ser apenas uma meta aspiracional e se tornou um objetivo fact\u00edvel para o pa\u00eds.<\/p>\n","protected":false},"excerpt":{"rendered":"1 O Brasil encontra-se em fase avan\u00e7ada para obter, junto \u00e0 Organiza\u00e7\u00e3o Mundial da Sa\u00fade (OMS) e \u00e0&hellip;\n","protected":false},"author":2,"featured_media":93210,"comment_status":"","ping_status":"","sticky":false,"template":"","format":"standard","meta":{"footnotes":""},"categories":[86],"tags":[23215,109,1128,116,10219,32,33,117,896,16881,1130],"class_list":{"0":"post-93209","1":"post","2":"type-post","3":"status-publish","4":"format-standard","5":"has-post-thumbnail","7":"category-saude","8":"tag-analises-clinicas","9":"tag-ciencia","10":"tag-diagnostico","11":"tag-health","12":"tag-hiv-aids","13":"tag-portugal","14":"tag-pt","15":"tag-saude","16":"tag-saude-publica","17":"tag-teste-rapido","18":"tag-tratamento"},"share_on_mastodon":{"url":"","error":""},"_links":{"self":[{"href":"https:\/\/www.europesays.com\/pt\/wp-json\/wp\/v2\/posts\/93209","targetHints":{"allow":["GET"]}}],"collection":[{"href":"https:\/\/www.europesays.com\/pt\/wp-json\/wp\/v2\/posts"}],"about":[{"href":"https:\/\/www.europesays.com\/pt\/wp-json\/wp\/v2\/types\/post"}],"author":[{"embeddable":true,"href":"https:\/\/www.europesays.com\/pt\/wp-json\/wp\/v2\/users\/2"}],"replies":[{"embeddable":true,"href":"https:\/\/www.europesays.com\/pt\/wp-json\/wp\/v2\/comments?post=93209"}],"version-history":[{"count":0,"href":"https:\/\/www.europesays.com\/pt\/wp-json\/wp\/v2\/posts\/93209\/revisions"}],"wp:featuredmedia":[{"embeddable":true,"href":"https:\/\/www.europesays.com\/pt\/wp-json\/wp\/v2\/media\/93210"}],"wp:attachment":[{"href":"https:\/\/www.europesays.com\/pt\/wp-json\/wp\/v2\/media?parent=93209"}],"wp:term":[{"taxonomy":"category","embeddable":true,"href":"https:\/\/www.europesays.com\/pt\/wp-json\/wp\/v2\/categories?post=93209"},{"taxonomy":"post_tag","embeddable":true,"href":"https:\/\/www.europesays.com\/pt\/wp-json\/wp\/v2\/tags?post=93209"}],"curies":[{"name":"wp","href":"https:\/\/api.w.org\/{rel}","templated":true}]}}