{"id":93213,"date":"2025-09-30T14:54:14","date_gmt":"2025-09-30T14:54:14","guid":{"rendered":"https:\/\/www.europesays.com\/pt\/93213\/"},"modified":"2025-09-30T14:54:14","modified_gmt":"2025-09-30T14:54:14","slug":"jaguar-land-rover-em-profunda-crise-apos-ciberataque-de-milhoes","status":"publish","type":"post","link":"https:\/\/www.europesays.com\/pt\/93213\/","title":{"rendered":"Jaguar Land Rover em profunda crise ap\u00f3s ciberataque de milh\u00f5es"},"content":{"rendered":"<p>Um ataque inform\u00e1tico deixou a Jaguar Land Rover em pausa durante quase um m\u00eas, parando f\u00e1bricas em v\u00e1rios continentes. O impacto foi t\u00e3o grande que o governo brit\u00e2nico teve de intervir para evitar um colapso ainda maior.<\/p>\n<p><a target=\"_blank\" href=\"https:\/\/pplware.sapo.pt\/wp-content\/uploads\/2025\/09\/juaguar_ciberataque00.webp\" rel=\"nofollow noopener\"><img fetchpriority=\"high\" decoding=\"async\" src=\"https:\/\/www.europesays.com\/pt\/wp-content\/uploads\/2025\/09\/juaguar_ciberataque00-720x405.webp.webp\" alt=\"\" width=\"720\" height=\"405\" class=\"aligncenter size-medium wp-image-1081107\"  \/><\/a><\/p>\n<p>F\u00e1bricas paradas e impacto global<\/p>\n<p>A Jaguar Land Rover foi obrigada a desligar a maioria dos seus sistemas a <a target=\"_blank\" href=\"https:\/\/www.theguardian.com\/business\/2025\/sep\/29\/jaguar-land-rover-to-restart-some-manufacturing-after-cyber-attack\" rel=\"nofollow noopener\">31 de agosto<\/a>, em resposta a um ciberataque que paralisou a produ\u00e7\u00e3o. O efeito foi imediato: f\u00e1bricas no Reino Unido ficaram paradas e a interrup\u00e7\u00e3o estendeu-se a centros de produ\u00e7\u00e3o internacionais. Milhares de trabalhadores ficaram em casa e a empresa enfrenta agora um <strong>regresso faseado, cheio de desafios<\/strong>.<\/p>\n<p>No primeiro <a target=\"_blank\" href=\"https:\/\/media.jaguarlandrover.com\/news\/2025\/09\/statement-cyber-incident-6\" rel=\"nofollow noopener\">comunicado oficial<\/a>, a 2 de setembro, a empresa falou em \u201cciberincidente\u201d e garantiu n\u00e3o existirem provas de fuga de dados. Inicialmente, previa-se uma paragem de apenas alguns dias, mas a realidade <a target=\"_blank\" href=\"https:\/\/media.jaguarlandrover.com\/news\/2025\/09\/statement-cyber-incident-4\" rel=\"nofollow noopener\">prolongou-se at\u00e9 24 de setembro<\/a>, com extens\u00e3o por mais uma semana.<\/p>\n<p><a target=\"_blank\" href=\"https:\/\/pplware.sapo.pt\/wp-content\/uploads\/2025\/09\/juaguar_ciberataque01.webp\" rel=\"nofollow noopener\"><img loading=\"lazy\" decoding=\"async\" src=\"https:\/\/www.europesays.com\/pt\/wp-content\/uploads\/2025\/09\/juaguar_ciberataque01-720x405.webp.webp\" alt=\"\" width=\"720\" height=\"405\" class=\"aligncenter size-medium wp-image-1081108\"  \/><\/a><\/p>\n<p>O ataque que abalou a Jaguar Land Rover<\/p>\n<p>A desconex\u00e3o preventiva afetou n\u00e3o s\u00f3 a produ\u00e7\u00e3o, como tamb\u00e9m ferramentas internas de design, gest\u00e3o e engenharia. A rede comercial foi igualmente afetada, com retalho e log\u00edstica bloqueados, obrigando \u00e0 utiliza\u00e7\u00e3o de m\u00e9todos manuais. Apesar disso, os concession\u00e1rios permaneceram abertos e foram criados procedimentos alternativos para entregas e pagamentos.<\/p>\n<p>A interrup\u00e7\u00e3o teve repercuss\u00f5es globais: al\u00e9m do Reino Unido, f\u00e1bricas na Eslov\u00e1quia, Brasil e \u00cdndia tamb\u00e9m ficaram paradas. A cadeia de fornecimento sofreu fortes consequ\u00eancias, deixando muitos fornecedores sem encomendas.<\/p>\n<p>Investiga\u00e7\u00f5es apontam para um ataque de ransomware, possivelmente ligado a grupos como Scattered Spider, <a target=\"_blank\" href=\"https:\/\/pt.wikipedia.org\/wiki\/Lapsus$\" rel=\"nofollow noopener\">Lapsus$<\/a> e ShinyHunters. Foram divulgadas imagens de sistemas internos em canais de Telegram, <strong>refor\u00e7ando a hip\u00f3tese de extors\u00e3o<\/strong>.<\/p>\n<p><a target=\"_blank\" href=\"https:\/\/pplware.sapo.pt\/wp-content\/uploads\/2025\/09\/juaguar_ciberataque02.webp\" rel=\"nofollow noopener\"><img loading=\"lazy\" decoding=\"async\" src=\"https:\/\/www.europesays.com\/pt\/wp-content\/uploads\/2025\/09\/juaguar_ciberataque02-720x405.webp.webp\" alt=\"\" width=\"720\" height=\"405\" class=\"aligncenter size-medium wp-image-1081109\"  \/><\/a><\/p>\n<p>Governo brit\u00e2nico em campo e custos milion\u00e1rios<\/p>\n<p>O Centro Nacional de Ciberseguran\u00e7a e empresas privadas est\u00e3o a investigar o caso, com acompanhamento pr\u00f3ximo do governo. A recupera\u00e7\u00e3o est\u00e1 a ser feita por fases, priorizando sistemas cr\u00edticos e testados em ambientes controlados, antes da retoma da produ\u00e7\u00e3o.<\/p>\n<p>As perdas financeiras s\u00e3o gigantes: estima-se que <strong>cada semana sem produ\u00e7\u00e3o tenha custado cerca de 50 milh\u00f5es de libras (59 milh\u00f5es de euros)<\/strong>. A ag\u00eancia Moody\u2019s j\u00e1 reviu a perspetiva financeira da Jaguar Land Rover de positiva para negativa. Para mitigar a crise, o governo brit\u00e2nico disponibilizou garantias de empr\u00e9stimos de 1.500 milh\u00f5es de libras, enquanto a empresa assegurou 2.000 milh\u00f5es junto da banca comercial.<\/p>\n<p>O incidente revelou a vulnerabilidade de um dos maiores fabricantes autom\u00f3veis do mundo, que demorou quase um m\u00eas a reiniciar opera\u00e7\u00f5es ap\u00f3s um ataque inform\u00e1tico. O caso lan\u00e7a um alerta para toda a ind\u00fastria: a quest\u00e3o j\u00e1 n\u00e3o \u00e9 \u201cse\u201d haver\u00e1 novos ataques, mas sim \u201cquando\u201d e como reduzir os seus impactos.<\/p>\n","protected":false},"excerpt":{"rendered":"Um ataque inform\u00e1tico deixou a Jaguar Land Rover em pausa durante quase um m\u00eas, parando f\u00e1bricas em v\u00e1rios&hellip;\n","protected":false},"author":2,"featured_media":93214,"comment_status":"","ping_status":"","sticky":false,"template":"","format":"standard","meta":{"footnotes":""},"categories":[83],"tags":[88,2938,89,90,5297,32,33,15434],"class_list":{"0":"post-93213","1":"post","2":"type-post","3":"status-publish","4":"format-standard","5":"has-post-thumbnail","7":"category-empresas","8":"tag-business","9":"tag-ciberataque","10":"tag-economy","11":"tag-empresas","12":"tag-jaguar","13":"tag-portugal","14":"tag-pt","15":"tag-ransomware"},"share_on_mastodon":{"url":"","error":""},"_links":{"self":[{"href":"https:\/\/www.europesays.com\/pt\/wp-json\/wp\/v2\/posts\/93213","targetHints":{"allow":["GET"]}}],"collection":[{"href":"https:\/\/www.europesays.com\/pt\/wp-json\/wp\/v2\/posts"}],"about":[{"href":"https:\/\/www.europesays.com\/pt\/wp-json\/wp\/v2\/types\/post"}],"author":[{"embeddable":true,"href":"https:\/\/www.europesays.com\/pt\/wp-json\/wp\/v2\/users\/2"}],"replies":[{"embeddable":true,"href":"https:\/\/www.europesays.com\/pt\/wp-json\/wp\/v2\/comments?post=93213"}],"version-history":[{"count":0,"href":"https:\/\/www.europesays.com\/pt\/wp-json\/wp\/v2\/posts\/93213\/revisions"}],"wp:featuredmedia":[{"embeddable":true,"href":"https:\/\/www.europesays.com\/pt\/wp-json\/wp\/v2\/media\/93214"}],"wp:attachment":[{"href":"https:\/\/www.europesays.com\/pt\/wp-json\/wp\/v2\/media?parent=93213"}],"wp:term":[{"taxonomy":"category","embeddable":true,"href":"https:\/\/www.europesays.com\/pt\/wp-json\/wp\/v2\/categories?post=93213"},{"taxonomy":"post_tag","embeddable":true,"href":"https:\/\/www.europesays.com\/pt\/wp-json\/wp\/v2\/tags?post=93213"}],"curies":[{"name":"wp","href":"https:\/\/api.w.org\/{rel}","templated":true}]}}