{"id":93437,"date":"2025-09-30T18:00:21","date_gmt":"2025-09-30T18:00:21","guid":{"rendered":"https:\/\/www.europesays.com\/pt\/93437\/"},"modified":"2025-09-30T18:00:21","modified_gmt":"2025-09-30T18:00:21","slug":"dylan-em-choque-com-indireta-de-vera-fui-apanhado-completamente-de-surpresa-secret-story","status":"publish","type":"post","link":"https:\/\/www.europesays.com\/pt\/93437\/","title":{"rendered":"Dylan em choque com indireta de Vera: \u00abFui apanhado completamente de surpresa\u00bb &#8211; Secret Story"},"content":{"rendered":"<p>No Secret Story 9, os concorrentes foram desafiados pela Voz a preencher o \u00abMural das Verdades\u00bb com uma afirma\u00e7\u00e3o absoluta. Durante a din\u00e2mica, Vera lan\u00e7ou uma indireta a Dylan: \u00abN\u00e3o se pode confiar em ningu\u00e9m\u00bb. O concorrente contou a Ana Cristina, In\u00eas e Rui que Vera n\u00e3o falou diretamente com ele para esclarecer algo que a magoou. Dylan acabou por ficar chateado por ter sido exclu\u00eddo do di\u00e1logo e por a situa\u00e7\u00e3o ter sido partilhada com o grupo antes de conversar com ele, temendo que isso possa prejudic\u00e1-lo fora da casa.<\/p>\n<p>Esta semana, h\u00e1 seis nomeados em risco de expuls\u00e3o. Vote para salvar o seu favorito:<\/p>\n<p>F\u00c1BIO \u2013 761 20 20 08<br \/>JOANA \u2013 761 20 20 11<br \/>LEANDRO \u2013 761 20 20 12<br \/>LILIANA \u2013 761 20 20 14<br \/>PEDRO \u2013 761 20 20 18<br \/>SANDRO \u2013 761 20 20 20<\/p>\n<p><a href=\"https:\/\/tvi.iol.pt\/secretstory\/aominuto\" wbo-id=\"32\" rel=\"nofollow noopener\" target=\"_blank\">Acompanhe aqui tudo o que se passa na casa mais vigiada do pa\u00eds!<\/a><\/p>\n","protected":false},"excerpt":{"rendered":"No Secret Story 9, os concorrentes foram desafiados pela Voz a preencher o \u00abMural das Verdades\u00bb com uma&hellip;\n","protected":false},"author":2,"featured_media":93438,"comment_status":"","ping_status":"","sticky":false,"template":"","format":"standard","meta":{"footnotes":""},"categories":[142],"tags":[19105,114,115,19033,19034,32,33,151,11841,19032],"class_list":{"0":"post-93437","1":"post","2":"type-post","3":"status-publish","4":"format-standard","5":"has-post-thumbnail","7":"category-tv","8":"tag-dylan","9":"tag-entertainment","10":"tag-entretenimento","11":"tag-galas-em-video","12":"tag-melhores-momentos-casa-dos-segredos","13":"tag-portugal","14":"tag-pt","15":"tag-tv","16":"tag-vera","17":"tag-videos-secret-story-tvi"},"share_on_mastodon":{"url":"","error":""},"_links":{"self":[{"href":"https:\/\/www.europesays.com\/pt\/wp-json\/wp\/v2\/posts\/93437","targetHints":{"allow":["GET"]}}],"collection":[{"href":"https:\/\/www.europesays.com\/pt\/wp-json\/wp\/v2\/posts"}],"about":[{"href":"https:\/\/www.europesays.com\/pt\/wp-json\/wp\/v2\/types\/post"}],"author":[{"embeddable":true,"href":"https:\/\/www.europesays.com\/pt\/wp-json\/wp\/v2\/users\/2"}],"replies":[{"embeddable":true,"href":"https:\/\/www.europesays.com\/pt\/wp-json\/wp\/v2\/comments?post=93437"}],"version-history":[{"count":0,"href":"https:\/\/www.europesays.com\/pt\/wp-json\/wp\/v2\/posts\/93437\/revisions"}],"wp:featuredmedia":[{"embeddable":true,"href":"https:\/\/www.europesays.com\/pt\/wp-json\/wp\/v2\/media\/93438"}],"wp:attachment":[{"href":"https:\/\/www.europesays.com\/pt\/wp-json\/wp\/v2\/media?parent=93437"}],"wp:term":[{"taxonomy":"category","embeddable":true,"href":"https:\/\/www.europesays.com\/pt\/wp-json\/wp\/v2\/categories?post=93437"},{"taxonomy":"post_tag","embeddable":true,"href":"https:\/\/www.europesays.com\/pt\/wp-json\/wp\/v2\/tags?post=93437"}],"curies":[{"name":"wp","href":"https:\/\/api.w.org\/{rel}","templated":true}]}}