{"id":93461,"date":"2025-09-30T18:16:10","date_gmt":"2025-09-30T18:16:10","guid":{"rendered":"https:\/\/www.europesays.com\/pt\/93461\/"},"modified":"2025-09-30T18:16:10","modified_gmt":"2025-09-30T18:16:10","slug":"tina-turner-ganha-estatua-irreconhecivel-na-sua-cidade-natal-e-criticas-explodem-nas-redes-musica","status":"publish","type":"post","link":"https:\/\/www.europesays.com\/pt\/93461\/","title":{"rendered":"Tina Turner ganha est\u00e1tua &#8216;irreconhec\u00edvel&#8217; na sua cidade natal e cr\u00edticas explodem nas redes | M\u00fasica"},"content":{"rendered":"\n<p class=\" content-text__container \" data-track-category=\"Link no Texto\" data-track-links=\"\"> Tina Turner \u00e9 uma das artistas mais celebradas de todos os tempos. A estimativa \u00e9 que ela j\u00e1 tenha vendido mais de 100 milh\u00f5es de discos. Entre seus hits mais c\u00e9lebres est\u00e3o sucessos como \u2018Let&#8217;s Stay Together\u2019, \u2018Better Be Good to Me\u2019, \u2018Private Dancer\u2019, \u2018We Don&#8217;t Need Another Hero (Thunderdome)\u2019, \u2018It&#8217;s Only Love\u2019, \u2018Typical Male\u2019, \u2018The Best\u2019, \u2018I Don&#8217;t Wanna Lose You\u2019, \u2018I Don&#8217;t Wanna Fight\u2019 e &#8220;GoldenEye\u2019. <\/p>\n","protected":false},"excerpt":{"rendered":"Tina Turner \u00e9 uma das artistas mais celebradas de todos os tempos. A estimativa \u00e9 que ela j\u00e1&hellip;\n","protected":false},"author":2,"featured_media":93462,"comment_status":"","ping_status":"","sticky":false,"template":"","format":"standard","meta":{"footnotes":""},"categories":[141],"tags":[114,115,149,150,32,33],"class_list":{"0":"post-93461","1":"post","2":"type-post","3":"status-publish","4":"format-standard","5":"has-post-thumbnail","7":"category-musica","8":"tag-entertainment","9":"tag-entretenimento","10":"tag-music","11":"tag-musica","12":"tag-portugal","13":"tag-pt"},"share_on_mastodon":{"url":"","error":""},"_links":{"self":[{"href":"https:\/\/www.europesays.com\/pt\/wp-json\/wp\/v2\/posts\/93461","targetHints":{"allow":["GET"]}}],"collection":[{"href":"https:\/\/www.europesays.com\/pt\/wp-json\/wp\/v2\/posts"}],"about":[{"href":"https:\/\/www.europesays.com\/pt\/wp-json\/wp\/v2\/types\/post"}],"author":[{"embeddable":true,"href":"https:\/\/www.europesays.com\/pt\/wp-json\/wp\/v2\/users\/2"}],"replies":[{"embeddable":true,"href":"https:\/\/www.europesays.com\/pt\/wp-json\/wp\/v2\/comments?post=93461"}],"version-history":[{"count":0,"href":"https:\/\/www.europesays.com\/pt\/wp-json\/wp\/v2\/posts\/93461\/revisions"}],"wp:featuredmedia":[{"embeddable":true,"href":"https:\/\/www.europesays.com\/pt\/wp-json\/wp\/v2\/media\/93462"}],"wp:attachment":[{"href":"https:\/\/www.europesays.com\/pt\/wp-json\/wp\/v2\/media?parent=93461"}],"wp:term":[{"taxonomy":"category","embeddable":true,"href":"https:\/\/www.europesays.com\/pt\/wp-json\/wp\/v2\/categories?post=93461"},{"taxonomy":"post_tag","embeddable":true,"href":"https:\/\/www.europesays.com\/pt\/wp-json\/wp\/v2\/tags?post=93461"}],"curies":[{"name":"wp","href":"https:\/\/api.w.org\/{rel}","templated":true}]}}