{"id":93481,"date":"2025-09-30T18:29:12","date_gmt":"2025-09-30T18:29:12","guid":{"rendered":"https:\/\/www.europesays.com\/pt\/93481\/"},"modified":"2025-09-30T18:29:12","modified_gmt":"2025-09-30T18:29:12","slug":"vera-deixa-tudo-em-pratos-limpos-e-marisa-susana-atira-vais-comecar-a-chorar-secret-story","status":"publish","type":"post","link":"https:\/\/www.europesays.com\/pt\/93481\/","title":{"rendered":"Vera deixa tudo em pratos limpos e Marisa Susana atira: \u00abVais come\u00e7ar a chorar\u00bb &#8211; Secret Story"},"content":{"rendered":"<p>No Secret Story 9, Vera decidiu esclarecer de vez as tens\u00f5es com os colegas e deixou tudo em pratos limpos. A iniciativa, no entanto, n\u00e3o agradou a todos. Marisa Susana reagiu de forma ir\u00f3nica e provocat\u00f3ria, atirando: \u00abVais come\u00e7ar a chorar\u00bb.\u00a0<\/p>\n<p><strong>Esta semana, h\u00e1 seis nomeados em risco de expuls\u00e3o. Vote para salvar o seu favorito:<\/strong><\/p>\n<p><strong>F\u00c1BIO \u2013 761 20 20 08<br \/>JOANA \u2013 761 20 20 11<br \/>LEANDRO \u2013 761 20 20 12<br \/>LILIANA \u2013 761 20 20 14<br \/>PEDRO \u2013 761 20 20 18<br \/>SANDRO \u2013 761 20 20 20<\/strong><\/p>\n<p data-end=\"2223\" data-start=\"2040\"><strong>Veja mais:<\/strong><\/p>\n<p><a href=\"https:\/\/tvi.iol.pt\/secretstory\/aominuto\" target=\"_blank\" wbo-id=\"23\" rel=\"nofollow noopener\">Acompanhe tudo\u00a0ao minuto<\/a><\/p>\n","protected":false},"excerpt":{"rendered":"No Secret Story 9, Vera decidiu esclarecer de vez as tens\u00f5es com os colegas e deixou tudo em&hellip;\n","protected":false},"author":2,"featured_media":93482,"comment_status":"","ping_status":"","sticky":false,"template":"","format":"standard","meta":{"footnotes":""},"categories":[142],"tags":[114,115,19033,19153,19034,32,33,151,11841,19032],"class_list":{"0":"post-93481","1":"post","2":"type-post","3":"status-publish","4":"format-standard","5":"has-post-thumbnail","7":"category-tv","8":"tag-entertainment","9":"tag-entretenimento","10":"tag-galas-em-video","11":"tag-marisa-susana","12":"tag-melhores-momentos-casa-dos-segredos","13":"tag-portugal","14":"tag-pt","15":"tag-tv","16":"tag-vera","17":"tag-videos-secret-story-tvi"},"share_on_mastodon":{"url":"","error":""},"_links":{"self":[{"href":"https:\/\/www.europesays.com\/pt\/wp-json\/wp\/v2\/posts\/93481","targetHints":{"allow":["GET"]}}],"collection":[{"href":"https:\/\/www.europesays.com\/pt\/wp-json\/wp\/v2\/posts"}],"about":[{"href":"https:\/\/www.europesays.com\/pt\/wp-json\/wp\/v2\/types\/post"}],"author":[{"embeddable":true,"href":"https:\/\/www.europesays.com\/pt\/wp-json\/wp\/v2\/users\/2"}],"replies":[{"embeddable":true,"href":"https:\/\/www.europesays.com\/pt\/wp-json\/wp\/v2\/comments?post=93481"}],"version-history":[{"count":0,"href":"https:\/\/www.europesays.com\/pt\/wp-json\/wp\/v2\/posts\/93481\/revisions"}],"wp:featuredmedia":[{"embeddable":true,"href":"https:\/\/www.europesays.com\/pt\/wp-json\/wp\/v2\/media\/93482"}],"wp:attachment":[{"href":"https:\/\/www.europesays.com\/pt\/wp-json\/wp\/v2\/media?parent=93481"}],"wp:term":[{"taxonomy":"category","embeddable":true,"href":"https:\/\/www.europesays.com\/pt\/wp-json\/wp\/v2\/categories?post=93481"},{"taxonomy":"post_tag","embeddable":true,"href":"https:\/\/www.europesays.com\/pt\/wp-json\/wp\/v2\/tags?post=93481"}],"curies":[{"name":"wp","href":"https:\/\/api.w.org\/{rel}","templated":true}]}}