{"id":93517,"date":"2025-09-30T18:56:28","date_gmt":"2025-09-30T18:56:28","guid":{"rendered":"https:\/\/www.europesays.com\/pt\/93517\/"},"modified":"2025-09-30T18:56:28","modified_gmt":"2025-09-30T18:56:28","slug":"eduerj-divulga-vencedor-do-i-premio-uerj-de-literatura-livro-tem-publicacao-prevista-pela-editora-em-junho-uerj","status":"publish","type":"post","link":"https:\/\/www.europesays.com\/pt\/93517\/","title":{"rendered":"Eduerj divulga vencedor do I Pr\u00eamio Uerj de Literatura; livro tem publica\u00e7\u00e3o prevista pela editora em junho &#8211; UERJ"},"content":{"rendered":"<p>\n                        <strong><br \/>\n                                                    <\/strong><br \/>Diretoria de Comunica\u00e7\u00e3o da Uerj<\/p>\n<p><a href=\"https:\/\/www.uerj.br\/wp-content\/uploads\/2025\/01\/site_finall_Premio-Uerj-de-Literatura.png\" rel=\"nofollow noopener\" target=\"_blank\"><img loading=\"lazy\" decoding=\"async\" class=\"aligncenter wp-image-37306 size-large\" src=\"https:\/\/www.europesays.com\/pt\/wp-content\/uploads\/2025\/09\/site_finall_Premio-Uerj-de-Literatura-848x471.png\" alt=\"\" width=\"848\" height=\"471\"  \/><\/a><\/p>\n<p>A Editora da Uerj (Eduerj) anunciou, na \u00faltima ter\u00e7a-feira (21), o vencedor da primeira edi\u00e7\u00e3o do Pr\u00eamio Uerj de Literatura: Luis Felipe Abreu, com a novela \u201cS\u00e3o Sebasti\u00e3o\u201d. A obra tem lan\u00e7amento previsto para junho pela pr\u00f3pria Eduerj, com atividades de divulga\u00e7\u00e3o dentro e fora da Universidade. \u201cOperando milagres\u201d, novela de Roger Rocha, tamb\u00e9m foi contemplada, com uma men\u00e7\u00e3o honrosa. Dedicada a textos ficcionais in\u00e9ditos, com 80 a 120 p\u00e1ginas, a premia\u00e7\u00e3o recebeu 72 inscri\u00e7\u00f5es de todo o pa\u00eds.<\/p>\n<p>A novela vencedora amarra, no tempo, duas epidemias: a crise do HIV e o acontecimento da Covid-19. No enredo, um dramaturgo, no leito da UTI, experimenta as reminisc\u00eancias de uma viagem de carro com o pai e perpassa trechos de seu trabalho mais importante, um mon\u00f3logo declamado por S\u00e3o Sebasti\u00e3o, padroeiro dos doentes e considerado \u00edcone da \u201ccultura queer\u201d.<\/p>\n<p><strong>Import\u00e2ncia do pr\u00eamio no cen\u00e1rio editorial<\/strong><\/p>\n<p>Luis Felipe Abreu conta que sua inscri\u00e7\u00e3o foi motivada pelo potencial das premia\u00e7\u00f5es liter\u00e1rias em visibilizar novos trabalhos e autores. \u201cIsso se somou a um interesse pela Eduerj, conhecendo a import\u00e2ncia do papel da editora no cen\u00e1rio nacional. Saber desse investimento atual na fic\u00e7\u00e3o foi uma \u00f3tima surpresa, e agora poder fazer parte dele como autor \u00e9 uma alegria\u201d, comemora.<\/p>\n<p><a href=\"https:\/\/www.uerj.br\/wp-content\/uploads\/2025\/01\/Luis-Felipe_Credito-Caroline-Jacobi.jpg\" rel=\"nofollow noopener\" target=\"_blank\"><img loading=\"lazy\" decoding=\"async\" class=\"wp-image-37307\" src=\"https:\/\/www.europesays.com\/pt\/wp-content\/uploads\/2025\/09\/Luis-Felipe_Credito-Caroline-Jacobi-300x200.jpg\" alt=\"\" width=\"424\" height=\"282\"  \/><\/a>O vencedor do Pr\u00eamio, Luis Felipe Abreu \/ Foto: Caroline Jacobi<\/p>\n<p>\u201cMais do que meu, o pr\u00eamio \u00e9 do livro, e acredito que reconhece nele n\u00e3o s\u00f3 m\u00e9ritos liter\u00e1rios, mas tamb\u00e9m uma capacidade de estabelecer uma conex\u00e3o com os leitores, a possibilidade de estimular di\u00e1logos\u201d, completa Abreu.<\/p>\n<p>Al\u00e9m de escritor, Luis Felipe Abreu \u00e9 pesquisador e professor. Doutor em Comunica\u00e7\u00e3o pela Universidade Federal do Rio Grande do Sul (UFRGS), atualmente \u00e9 bolsista do Programa de\u00a0P\u00f3s-Doutorado Nota 10 da Funda\u00e7\u00e3o de Amparo \u00e0 Pesquisa do Estado do Rio de Janeiro (Faperj). Publicou seu primeiro romance, \u201cAs rimas internas\u201d, em 2024, pela Editora Aboio.<\/p>\n<p>Gustavo Krause, editor-executivo da Eduerj e idealizador do Pr\u00eamio Uerj de Literatura, considera que, para o vencedor, a premia\u00e7\u00e3o \u00e9 muito importante por abrir espa\u00e7o entre milhares de publica\u00e7\u00f5es num mercado j\u00e1 bastante dif\u00edcil. \u201cE tamb\u00e9m d\u00e1 visibilidade para a Uerj, \u00e9 um pr\u00eamio nacional em que foram inscritas novelas do pa\u00eds inteiro. Essa relev\u00e2ncia \u00e9 evidenciada pela grande quantidade de textos inscritos\u201d, aponta.<\/p>\n<p><strong>Men\u00e7\u00e3o honrosa<\/strong><\/p>\n<p>Recebedor de uma men\u00e7\u00e3o honrosa, Roger Rocha conta que o reconhecimento fortalece a escolha de fazer da escrita um of\u00edcio. \u201cD\u00e1 um f\u00f4lego extra para produzir literatura num pa\u00eds como o nosso e em tempos t\u00e3o conturbados\u201d, afirma.<\/p>\n<p><a href=\"https:\/\/www.uerj.br\/wp-content\/uploads\/2025\/01\/Roger_Rocha_cor.jpeg\" rel=\"nofollow noopener\" target=\"_blank\"><img loading=\"lazy\" decoding=\"async\" class=\"wp-image-37308\" src=\"https:\/\/www.europesays.com\/pt\/wp-content\/uploads\/2025\/09\/Roger_Rocha_cor-225x300.jpeg\" alt=\"\" width=\"320\" height=\"427\"  \/><\/a>Roger Rocha recebeu men\u00e7\u00e3o honrosa \/ Foto: Luana Azeredo<\/p>\n<p>Formado em Comunica\u00e7\u00e3o Social pela Escola Superior de Propaganda e Marketing (ESPM), Roger Rocha \u00e9 escritor, redator, roteirista e professor. \u201cOuro de Moscou\u201d (Editora Urutau, 2021), seu romance de estreia, foi finalista do Pr\u00eamio S\u00e3o Paulo de Literatura 2022. \u201cMais geleia, Shackleton?\u201d foi publicado em 2024, tamb\u00e9m pela Editora Urutau.<\/p>\n<p style=\"text-align: left;\">No enredo de \u201cOperando milagres\u201d, cinco personagens se enredam numa trama que envolve neopentecostais brasileiros, pol\u00edticos e milicianos locais, em um pa\u00eds fict\u00edcio da \u00c1frica. Nesse arranjo, a manipula\u00e7\u00e3o da f\u00e9 de gente comum alavanca um projeto de recoloniza\u00e7\u00e3o em que a geografia, a cultura e o uso compartilhado da l\u00edngua portuguesa criam os pilares para a domina\u00e7\u00e3o.<\/p>\n<p>\u201cA men\u00e7\u00e3o honrosa, para mim, \u00e9 uma verdadeira vit\u00f3ria, considerando a qualidade do vencedor e dos concorrentes. A vincula\u00e7\u00e3o do pr\u00eamio a uma institui\u00e7\u00e3o com a credibilidade da Uerj e de sua editora foi um fator decisivo para a minha participa\u00e7\u00e3o. Essa iniciativa, vinda do meio acad\u00eamico, indica a ado\u00e7\u00e3o de crit\u00e9rios mais abrangentes na avalia\u00e7\u00e3o dos originais, ultrapassando modismos e o apelo mercadol\u00f3gico\u201d, finaliza Roger.<\/p>\n<p><strong>Divulga\u00e7\u00e3o dos nomes dos jurados<\/strong><\/p>\n<p>A primeira edi\u00e7\u00e3o do Pr\u00eamio Uerj de Literatura teve como jurados Adriana Lisboa, escritora, doutora em Literatura Comparada pela Uerj; Ieda Magri, escritora, doutora em Literatura Brasileira pela UFRJ e professora de Teoria da Literatura da Uerj; e Gustavo Bernardo Krause, escritor, doutor em Literatura Comparada pela Uerj e editor-executivo da Eduerj.<\/p>\n","protected":false},"excerpt":{"rendered":"Diretoria de Comunica\u00e7\u00e3o da Uerj A Editora da Uerj (Eduerj) anunciou, na \u00faltima ter\u00e7a-feira (21), o vencedor da&hellip;\n","protected":false},"author":2,"featured_media":93518,"comment_status":"","ping_status":"","sticky":false,"template":"","format":"standard","meta":{"footnotes":""},"categories":[143],"tags":[169,114,115,170,32,33],"class_list":{"0":"post-93517","1":"post","2":"type-post","3":"status-publish","4":"format-standard","5":"has-post-thumbnail","7":"category-livros","8":"tag-books","9":"tag-entertainment","10":"tag-entretenimento","11":"tag-livros","12":"tag-portugal","13":"tag-pt"},"share_on_mastodon":{"url":"","error":""},"_links":{"self":[{"href":"https:\/\/www.europesays.com\/pt\/wp-json\/wp\/v2\/posts\/93517","targetHints":{"allow":["GET"]}}],"collection":[{"href":"https:\/\/www.europesays.com\/pt\/wp-json\/wp\/v2\/posts"}],"about":[{"href":"https:\/\/www.europesays.com\/pt\/wp-json\/wp\/v2\/types\/post"}],"author":[{"embeddable":true,"href":"https:\/\/www.europesays.com\/pt\/wp-json\/wp\/v2\/users\/2"}],"replies":[{"embeddable":true,"href":"https:\/\/www.europesays.com\/pt\/wp-json\/wp\/v2\/comments?post=93517"}],"version-history":[{"count":0,"href":"https:\/\/www.europesays.com\/pt\/wp-json\/wp\/v2\/posts\/93517\/revisions"}],"wp:featuredmedia":[{"embeddable":true,"href":"https:\/\/www.europesays.com\/pt\/wp-json\/wp\/v2\/media\/93518"}],"wp:attachment":[{"href":"https:\/\/www.europesays.com\/pt\/wp-json\/wp\/v2\/media?parent=93517"}],"wp:term":[{"taxonomy":"category","embeddable":true,"href":"https:\/\/www.europesays.com\/pt\/wp-json\/wp\/v2\/categories?post=93517"},{"taxonomy":"post_tag","embeddable":true,"href":"https:\/\/www.europesays.com\/pt\/wp-json\/wp\/v2\/tags?post=93517"}],"curies":[{"name":"wp","href":"https:\/\/api.w.org\/{rel}","templated":true}]}}