{"id":93621,"date":"2025-09-30T20:28:10","date_gmt":"2025-09-30T20:28:10","guid":{"rendered":"https:\/\/www.europesays.com\/pt\/93621\/"},"modified":"2025-09-30T20:28:10","modified_gmt":"2025-09-30T20:28:10","slug":"avatar-3-revela-segredo-que-pode-mudar-para-sempre-pandora","status":"publish","type":"post","link":"https:\/\/www.europesays.com\/pt\/93621\/","title":{"rendered":"Avatar 3 revela segredo que pode mudar para sempre Pandora"},"content":{"rendered":"<p>O novo trailer de <a href=\"https:\/\/tangerina.uol.com.br\/filmes-series\/os-filmes-que-ainda-podem-bater-a-marca-de-us-1-bilhao-em-2025\/\" target=\"_blank\" rel=\"noreferrer noopener nofollow\">Avatar: Fogo e Cinzas<\/a> chegou com um impacto que vai al\u00e9m das impressionantes batalhas e dos cen\u00e1rios deslumbrantes de James Cameron. A pr\u00e9via revelou um detalhe que pode mudar completamente o destino de Pandora e, de quebra, apontar para os rumos finais da franquia.<\/p>\n<p>A grande surpresa envolve Spider (Jack Champion), que aparece respirando em Pandora sem o uso de m\u00e1scara. At\u00e9 agora, a atmosfera do planeta era considerada fatal para humanos, o que justificava a cria\u00e7\u00e3o dos avatares. A cena sugere que esse pode ser o in\u00edcio de uma reviravolta gigantesca na rela\u00e7\u00e3o entre humanos e Na\u2019vi.<\/p>\n<p>No trailer, Jake Sully (Sam Worthington) chega a questionar o impacto desse poder: \u201cE se todo humano pudesse viver aqui sem m\u00e1scara? Os Na\u2019vi estariam condenados.\u201d A fala deixa claro que o conflito entre os povos pode chegar ao ponto mais perigoso da saga, j\u00e1 que a vantagem dos Na\u2019vi pode ser neutralizada.<\/p>\n<p>Spider \u00e9 o futuro de Avatar<\/p>\n<p>Outro detalhe importante \u00e9 que a habilidade de Spider pode estar ligada a Eywa, a entidade espiritual de <a href=\"https:\/\/www.disneyplus.com\/play\/357d8505-b9bc-41e3-9f27-0414738df143?distributionPartner=google\" target=\"_blank\" rel=\"noreferrer noopener nofollow\">Pandora<\/a>. A pr\u00e9via mostra o personagem aparentemente ressuscitado pela \u00c1rvore das Almas, sugerindo que esse \u201cdom\u201d n\u00e3o \u00e9 natural, mas sim uma escolha da pr\u00f3pria divindade do planeta.<\/p>\n<p>Essa revela\u00e7\u00e3o coloca Spider em uma posi\u00e7\u00e3o central na hist\u00f3ria. Ele pode se tornar a ponte definitiva entre humanos e Na\u2019vi, decidindo se sua lealdade est\u00e1 com os colonizadores ou com o povo que o acolheu. Isso abre espa\u00e7o at\u00e9 para que o jovem seja o verdadeiro protagonista da saga no lugar de Jake.<\/p>\n<p>A bomba tamb\u00e9m refor\u00e7a a ideia de que Fogo e Cinzas ser\u00e1 um divisor de \u00e1guas. H\u00e1 anos circulam teorias de que Jake Sully pode morrer neste terceiro filme, abrindo caminho para a nova gera\u00e7\u00e3o \u2014 e o destaque dado a Spider parece alimentar ainda mais essa possibilidade.<\/p>\n<p>Com estreia marcada para 19 de dezembro de 2025, Avatar 3: Fogo e Cinzas promete entregar n\u00e3o s\u00f3 batalhas \u00e9picas e novos cl\u00e3s, como os Ash People, mas tamb\u00e9m o ponto de virada que pode definir o futuro da franquia at\u00e9 o seu grande final.<\/p>\n","protected":false},"excerpt":{"rendered":"O novo trailer de Avatar: Fogo e Cinzas chegou com um impacto que vai al\u00e9m das impressionantes batalhas&hellip;\n","protected":false},"author":2,"featured_media":93622,"comment_status":"","ping_status":"","sticky":false,"template":"","format":"standard","meta":{"footnotes":""},"categories":[140],"tags":[21826,114,115,147,148,146,32,33],"class_list":{"0":"post-93621","1":"post","2":"type-post","3":"status-publish","4":"format-standard","5":"has-post-thumbnail","7":"category-filmes","8":"tag-avatar","9":"tag-entertainment","10":"tag-entretenimento","11":"tag-film","12":"tag-filmes","13":"tag-movies","14":"tag-portugal","15":"tag-pt"},"share_on_mastodon":{"url":"","error":""},"_links":{"self":[{"href":"https:\/\/www.europesays.com\/pt\/wp-json\/wp\/v2\/posts\/93621","targetHints":{"allow":["GET"]}}],"collection":[{"href":"https:\/\/www.europesays.com\/pt\/wp-json\/wp\/v2\/posts"}],"about":[{"href":"https:\/\/www.europesays.com\/pt\/wp-json\/wp\/v2\/types\/post"}],"author":[{"embeddable":true,"href":"https:\/\/www.europesays.com\/pt\/wp-json\/wp\/v2\/users\/2"}],"replies":[{"embeddable":true,"href":"https:\/\/www.europesays.com\/pt\/wp-json\/wp\/v2\/comments?post=93621"}],"version-history":[{"count":0,"href":"https:\/\/www.europesays.com\/pt\/wp-json\/wp\/v2\/posts\/93621\/revisions"}],"wp:featuredmedia":[{"embeddable":true,"href":"https:\/\/www.europesays.com\/pt\/wp-json\/wp\/v2\/media\/93622"}],"wp:attachment":[{"href":"https:\/\/www.europesays.com\/pt\/wp-json\/wp\/v2\/media?parent=93621"}],"wp:term":[{"taxonomy":"category","embeddable":true,"href":"https:\/\/www.europesays.com\/pt\/wp-json\/wp\/v2\/categories?post=93621"},{"taxonomy":"post_tag","embeddable":true,"href":"https:\/\/www.europesays.com\/pt\/wp-json\/wp\/v2\/tags?post=93621"}],"curies":[{"name":"wp","href":"https:\/\/api.w.org\/{rel}","templated":true}]}}