{"id":93630,"date":"2025-09-30T20:34:10","date_gmt":"2025-09-30T20:34:10","guid":{"rendered":"https:\/\/www.europesays.com\/pt\/93630\/"},"modified":"2025-09-30T20:34:10","modified_gmt":"2025-09-30T20:34:10","slug":"donald-trump-vai-esperar-tres-ou-quatro-dias-por-resposta-do-hamas-ao-seu-plano","status":"publish","type":"post","link":"https:\/\/www.europesays.com\/pt\/93630\/","title":{"rendered":"Donald Trump vai &#8220;esperar tr\u00eas ou quatro dias&#8221; por resposta do Hamas ao seu plano"},"content":{"rendered":"<p>                    Trump apresentou o seu plano de 21 pontos esta segunda-feira, na Casa Branca, ao lado do primeiro-ministro de Israel, Benjamin Netanyahu, que deu o seu apoio \u00e0 proposta. O Hamas recebeu a proposta segunda-feira \u00e0 noite, das m\u00e3os de intermedi\u00e1rios, e ainda n\u00e3o reagiu oficialmente.<br \/>&#13;<\/p>\n<p>&#13;<br \/>\n<b>&#8220;Vamos esperar uns tr\u00eas ou quatro dias&#8221;, afirmou Trump.\u00a0<\/b>&#13;\n<\/p>\n<p>&#13;<br \/>\n&#8220;Todos os pa\u00edses \u00e1rabes concordam, os pa\u00edses mu\u00e7ulmanos concordam, Israel concorda. Estamos apenas \u00e0 espera do Hamas. E <b>o Hamas aceitar\u00e1 ou n\u00e3o. E se n\u00e3o aceitar, acabar\u00e1 de forma muito triste<\/b>&#8220;, disse Trump.&#13;\n<\/p>\n<p>          <img decoding=\"async\" itemprop=\"image\" class=\"img-fluid\"   src=\"https:\/\/www.europesays.com\/pt\/wp-content\/uploads\/2025\/09\/d6101e61c6be01a0be96242f5f35e606_N.jpg\"\/><\/p>\n<p>\nMais tarde, perante a maioria dos generais e almirantes norte-americanos, reunidos de forma bastante invulgar em Qu\u00e2ntico, o presidente norte-americano amea\u00e7ou o Hamas com o &#8220;inferno&#8221;.<\/p>\n<p>&#8220;Falta-nos uma assinatura, e eles v\u00e3o redimir-se no inferno se n\u00e3o assinarem. <b>Espero que assinem para o seu pr\u00f3prio bem<\/b> e criem algo verdadeiramente grandioso&#8221;, declarou Donald Trump.<br \/>&#13;<br \/>\nApelo de Guterres<br \/>&#13;<br \/>\nO apoio internacional ao plano do presidente norte-americano foi alargado, apesar das cr\u00edticas de alguns analistas, para quem ter deixado o grupo islamita de fora da sua elabora\u00e7\u00e3o foi uma m\u00e1 op\u00e7\u00e3o.<\/p>\n<p>Especialmente, o apoio dos pa\u00edses \u00e1rabes ao plano, incluindo a promessa segunda-feira do Catar, tradicional apoiante negocial do Hamas, de trabalhar estreitamente com os EUA e Israel pela paz, pode implicar um isolamento do grupo palestiniano.<\/p>\n<p>&#13;<br \/>\n&#8220;O regresso deles n\u00e3o pode esperar. Este n\u00e3o \u00e9 apenas um gui\u00e3o para os trazer de volta. \u00c9 tamb\u00e9m um plano para acabar com a tirania do terror desencadeada a 7 de outubro,\u201d acrescentou Danny Danon.<br \/>&#13;\n<\/p>\n<p>\nO secret\u00e1rio-geral das Na\u00e7\u00f5es Unidas apelou todas as partes a aceitarem o plano de Trump.<br \/>\n<b><br \/>&#13;<br \/>\n&#8220;\u00c9 agora crucial que todas as partes se comprometam com este acordo e com a sua implementa\u00e7\u00e3o&#8221;<\/b>, acrescentou Ant\u00f3nio Guterres, elogiando o plano e o &#8220;importante papel dos pa\u00edses \u00e1rabes e mu\u00e7ulmanos&#8221; para o alcan\u00e7ar.<br \/>\nCeticismo em Gaza<br \/>\nA proposta norte-americana prev\u00ea um cessar-fogo, a liberta\u00e7\u00e3o em 72 horas dos ref\u00e9ns mantidos pelo Hamas, o desarmamento do movimento isl\u00e2mico que governa Gaza desde 2007, a retirada gradual do ex\u00e9rcito israelita, o envio de uma for\u00e7a internacional e o estabelecimento de uma autoridade de transi\u00e7\u00e3o.<\/p>\n<p>Enquanto os pa\u00edses ocidentais e \u00e1rabes e a pr\u00f3pria Autoridade Palestiniana  manifestaram otimismo com a aplica\u00e7\u00e3o do plano, prometendo colaborar com os EUA, os palestinianos no terreno reagiram com ceticismo. <\/p>\n<p>Acreditam que a aus\u00eancia do Hamas das negocia\u00e7\u00f5es e a exig\u00eancia de que renuncie \u00e0 governa\u00e7\u00e3o do enclave podem compromet\u00ea-lo. &#8220;<a href=\"https:\/\/www.rtp.pt\/noticias\/mundo\/plano-de-paz-de-trump-europa-e-medio-oriente-otimistas-palestinianos-ceticos_n1687216\" target=\"_blank\" rel=\"nofollow noopener\">N\u00e3o \u00e9 realista<\/a>&#8220;, referiu um habitante de Gaza.<\/p>\n<p>Apesar de aguardar ainda pela resposta do Hamas, Donald Trump insistiu entretanto em Qu\u00e2ntico que merece inteiramente o Pr\u00e9mio Nobel da Paz pelos seus esfor\u00e7os. O contr\u00e1rio seria um &#8220;insulto&#8221; aos Estados Unidos, considerou. <\/p>\n<p>&#8220;V\u00e3o dar o pr\u00e9mio a um tipo que n\u00e3o fez absolutamente nada&#8221;, disse o presidente nortes-americano. &#8220;Seria um grande insulto ao nosso pa\u00eds&#8221;.&#13;<\/p>\n","protected":false},"excerpt":{"rendered":"Trump apresentou o seu plano de 21 pontos esta segunda-feira, na Casa Branca, ao lado do primeiro-ministro de&hellip;\n","protected":false},"author":2,"featured_media":93631,"comment_status":"","ping_status":"","sticky":false,"template":"","format":"standard","meta":{"footnotes":""},"categories":[50],"tags":[27,28,92,15,16,532,255,14,259,25,26,21,22,62,12,13,19,20,23,24,17,18,29,30,31,63,64,65],"class_list":{"0":"post-93630","1":"post","2":"type-post","3":"status-publish","4":"format-standard","5":"has-post-thumbnail","7":"category-mundo","8":"tag-breaking-news","9":"tag-breakingnews","10":"tag-donald-trump","11":"tag-featured-news","12":"tag-featurednews","13":"tag-gaza","14":"tag-hamas","15":"tag-headlines","16":"tag-israel","17":"tag-latest-news","18":"tag-latestnews","19":"tag-main-news","20":"tag-mainnews","21":"tag-mundo","22":"tag-news","23":"tag-noticias","24":"tag-noticias-principais","25":"tag-noticiasprincipais","26":"tag-principais-noticias","27":"tag-principaisnoticias","28":"tag-top-stories","29":"tag-topstories","30":"tag-ultimas","31":"tag-ultimas-noticias","32":"tag-ultimasnoticias","33":"tag-world","34":"tag-world-news","35":"tag-worldnews"},"share_on_mastodon":{"url":"","error":""},"_links":{"self":[{"href":"https:\/\/www.europesays.com\/pt\/wp-json\/wp\/v2\/posts\/93630","targetHints":{"allow":["GET"]}}],"collection":[{"href":"https:\/\/www.europesays.com\/pt\/wp-json\/wp\/v2\/posts"}],"about":[{"href":"https:\/\/www.europesays.com\/pt\/wp-json\/wp\/v2\/types\/post"}],"author":[{"embeddable":true,"href":"https:\/\/www.europesays.com\/pt\/wp-json\/wp\/v2\/users\/2"}],"replies":[{"embeddable":true,"href":"https:\/\/www.europesays.com\/pt\/wp-json\/wp\/v2\/comments?post=93630"}],"version-history":[{"count":0,"href":"https:\/\/www.europesays.com\/pt\/wp-json\/wp\/v2\/posts\/93630\/revisions"}],"wp:featuredmedia":[{"embeddable":true,"href":"https:\/\/www.europesays.com\/pt\/wp-json\/wp\/v2\/media\/93631"}],"wp:attachment":[{"href":"https:\/\/www.europesays.com\/pt\/wp-json\/wp\/v2\/media?parent=93630"}],"wp:term":[{"taxonomy":"category","embeddable":true,"href":"https:\/\/www.europesays.com\/pt\/wp-json\/wp\/v2\/categories?post=93630"},{"taxonomy":"post_tag","embeddable":true,"href":"https:\/\/www.europesays.com\/pt\/wp-json\/wp\/v2\/tags?post=93630"}],"curies":[{"name":"wp","href":"https:\/\/api.w.org\/{rel}","templated":true}]}}