{"id":93650,"date":"2025-09-30T20:48:09","date_gmt":"2025-09-30T20:48:09","guid":{"rendered":"https:\/\/www.europesays.com\/pt\/93650\/"},"modified":"2025-09-30T20:48:09","modified_gmt":"2025-09-30T20:48:09","slug":"nada-de-generais-gordos-ou-barbas","status":"publish","type":"post","link":"https:\/\/www.europesays.com\/pt\/93650\/","title":{"rendered":"nada de &#8220;generais gordos&#8221; ou barbas"},"content":{"rendered":"<p>No ano passado, o ent\u00e3o colaborador da esta\u00e7\u00e3o Fox News Pete Hegseth publicou o livro A Guerra aos Guerreiros, no qual denunciava que as pol\u00edticas woke da esquerda estavam a minar as For\u00e7as Armadas dos EUA. Esta ter\u00e7a-feira (30 de setembro), o agora secret\u00e1rio da Defesa, junto com o presidente Donald Trump, declarou guerra ao \u201cpoliticamente correto\u201d, numa reuni\u00e3o com mais de 800 generais e almirantes. E convidou os que n\u00e3o concordam a fazerem  \u201co mais honrado\u201d e demitirem-se &#8211; o seu objetivo \u00e9 mesmo cortar, tendo j\u00e1 demitido v\u00e1rios.<\/p>\n<p><strong>\u201cOs l\u00edderes pol\u00edticos tolos e imprudentes definiram o rumo errado e perdemo-nos. Torn\u00e1mo-nos o Departamento Woke. Mas acabou\u201d<\/strong>, disse Hegseth ao dar in\u00edcio \u00e0 reuni\u00e3o da lideran\u00e7a militar dos EUA, chamada de surpresa dos quatro cantos do mundo para a base dos marines em Quantico, na Virginia.  <\/p>\n<p>Uma mensagem repetida mais tarde pelo pr\u00f3prio Trump, que defendeu que \u201co prop\u00f3sito das For\u00e7as Armadas norte-americanas n\u00e3o \u00e9 proteger os sentimentos de ningu\u00e9m\u201d mas proteger a Rep\u00fablica. <strong>\u201cN\u00e3o seremos politicamente corretos quando se trata de defender a liberdade americana\u201d, afirmou o presidente. \u201cE seremos uma m\u00e1quina de lutar e vencer.\u201d<\/strong><\/p>\n<p>As mudan\u00e7as passam pela introdu\u00e7\u00e3o de <strong>testes de aptid\u00e3o f\u00edsica<\/strong> para todos, com base nos padr\u00f5es masculinos. \u201cN\u00e3o quero que o meu filho sirva ao lado de tropas fora de forma ou numa unidade de combate com mulheres que n\u00e3o cumprem os mesmos padr\u00f5es f\u00edsicos de combate que os homens\u201d, disse, defendendo que <strong>\u201cos padr\u00f5es devem ser uniformes, neutros em termos de g\u00e9nero e elevados\u201d<\/strong>. <\/p>\n<p>Hegseth rejeita a ideia de que \u201ca nossa diversidade \u00e9 a nossa for\u00e7a\u201d, falando numa \u201cfal\u00e1cia louca\u201d. E insistiu: <strong>\u201cSe isso significa que nenhuma mulher se qualifica para alguns trabalhos de combate, que assim seja. N\u00e3o \u00e9 essa a inten\u00e7\u00e3o, mas pode ser o resultado.\u201d<\/strong> <\/p>\n<p>Mas as mudan\u00e7as n\u00e3o ficam por a\u00ed. Hegseth diz ser <strong>\u201ccompletamente inaceit\u00e1vel\u201d ver \u201cgenerais gordos nos corredores do Pent\u00e1gono\u201d e ser \u201ccansativo\u201d olhar para forma\u00e7\u00f5es de combate \u201ce ver tropas gordas\u201d.<\/strong> O secret\u00e1rio da Defesa (rebatizado secret\u00e1rio da Guerra por Trump) declarou ainda guerra \u00e0s barbas. \u201cA era da apar\u00eancia pouco profissional acabou. <strong>Chega de <\/strong><strong>beardos<\/strong><strong>\u201d, disse, usando a palavra derrogat\u00f3ria para quem usa barba.<\/strong><\/p>\n<p>O secret\u00e1rio indicou ainda que vai flexibilizar as regras disciplinares e rever os conceitos de <strong>\u201clideran\u00e7a t\u00f3xica\u201d ou <\/strong><strong>bullying<\/strong><strong>,<\/strong> acabando com os canais an\u00f3nimos de den\u00fancias e colocando o foco na remo\u00e7\u00e3o de muitas das prote\u00e7\u00f5es que os militares introduziram ap\u00f3s v\u00e1rios esc\u00e2ndalos e investiga\u00e7\u00f5es. <strong>O objetivo \u00e9 \u201ccapacitar os l\u00edderes para impor padr\u00f5es sem medo de retalia\u00e7\u00e3o\u201d, lembrando que \u201cas pessoas cometem erros honestos\u201d mas estes \u201cn\u00e3o devem definir uma carreira inteira. Caso contr\u00e1rio, apenas tentamos n\u00e3o cometer erros.\u201d<\/strong><\/p>\n<p>\u201cInvas\u00e3o interna\u201d<\/p>\n<p>Num discurso em que falou desde as sete guerras que diz j\u00e1 ter resolvido &#8211; alegando que ser\u00e1 um \u201cinsulto\u201d aos EUA se n\u00e3o vencer o Nobel da Paz &#8211; at\u00e9 ao seu amor pelas tarifas, Trump tamb\u00e9m defendeu o uso de militares para combater o crime nas cidades americanas. <\/p>\n<p><strong>\u201cEstamos sob invas\u00e3o interna, n\u00e3o diferente de um inimigo estrangeiro, mas mais dif\u00edcil em muitos aspetos, porque n\u00e3o usam uniformes\u201d,<\/strong> disse o presidente, que defendeu que os soldados (da Guarda Nacional) deviam <strong>usar estas cidades como \u201ccampos de treino\u201d.<\/strong> E reiterou que ir\u00e1 envi\u00e1-los para Chicago, que tem h\u00e1 semanas na mira. \u201cS\u00e3o lugares muito inseguros e vamos resolv\u00ea-los um a um.\u201d<\/p>\n<p><strong>Mas as tiradas de Trump, que tamb\u00e9m n\u00e3o hesitou em criticar o antecessor Joe Biden, raramente arrancaram rea\u00e7\u00e3o dos generais, que mantiveram a tradi\u00e7\u00e3o apartid\u00e1ria das For\u00e7as Armadas.<\/strong> \u201dNunca entrei numa sala t\u00e3o silenciosa\u201d, disse no in\u00edcio, o que ter\u00e1 arrancado alguns sorrisos, aos quais respondeu: \u201cn\u00e3o riam, n\u00e3o est\u00e3o autorizados\u201d e depois pediu que fizessem o que quisessem e aplaudissem se quisessem. Tamb\u00e9m podiam sair da sala, mas nesse caso podiam esquecer qualquer promo\u00e7\u00e3o. <\/p>\n<p>(Atualizada \u00e0s 19h00)<\/p>\n","protected":false},"excerpt":{"rendered":"No ano passado, o ent\u00e3o colaborador da esta\u00e7\u00e3o Fox News Pete Hegseth publicou o livro A Guerra aos&hellip;\n","protected":false},"author":2,"featured_media":93651,"comment_status":"","ping_status":"","sticky":false,"template":"","format":"standard","meta":{"footnotes":""},"categories":[50],"tags":[27,28,92,413,15,16,14,82,25,26,21,22,62,12,13,19,20,17087,21894,23,24,17,18,29,30,31,63,64,65],"class_list":{"0":"post-93650","1":"post","2":"type-post","3":"status-publish","4":"format-standard","5":"has-post-thumbnail","7":"category-mundo","8":"tag-breaking-news","9":"tag-breakingnews","10":"tag-donald-trump","11":"tag-eua","12":"tag-featured-news","13":"tag-featurednews","14":"tag-headlines","15":"tag-internacional","16":"tag-latest-news","17":"tag-latestnews","18":"tag-main-news","19":"tag-mainnews","20":"tag-mundo","21":"tag-news","22":"tag-noticias","23":"tag-noticias-principais","24":"tag-noticiasprincipais","25":"tag-pentagono","26":"tag-pete-hegseth","27":"tag-principais-noticias","28":"tag-principaisnoticias","29":"tag-top-stories","30":"tag-topstories","31":"tag-ultimas","32":"tag-ultimas-noticias","33":"tag-ultimasnoticias","34":"tag-world","35":"tag-world-news","36":"tag-worldnews"},"share_on_mastodon":{"url":"","error":""},"_links":{"self":[{"href":"https:\/\/www.europesays.com\/pt\/wp-json\/wp\/v2\/posts\/93650","targetHints":{"allow":["GET"]}}],"collection":[{"href":"https:\/\/www.europesays.com\/pt\/wp-json\/wp\/v2\/posts"}],"about":[{"href":"https:\/\/www.europesays.com\/pt\/wp-json\/wp\/v2\/types\/post"}],"author":[{"embeddable":true,"href":"https:\/\/www.europesays.com\/pt\/wp-json\/wp\/v2\/users\/2"}],"replies":[{"embeddable":true,"href":"https:\/\/www.europesays.com\/pt\/wp-json\/wp\/v2\/comments?post=93650"}],"version-history":[{"count":0,"href":"https:\/\/www.europesays.com\/pt\/wp-json\/wp\/v2\/posts\/93650\/revisions"}],"wp:featuredmedia":[{"embeddable":true,"href":"https:\/\/www.europesays.com\/pt\/wp-json\/wp\/v2\/media\/93651"}],"wp:attachment":[{"href":"https:\/\/www.europesays.com\/pt\/wp-json\/wp\/v2\/media?parent=93650"}],"wp:term":[{"taxonomy":"category","embeddable":true,"href":"https:\/\/www.europesays.com\/pt\/wp-json\/wp\/v2\/categories?post=93650"},{"taxonomy":"post_tag","embeddable":true,"href":"https:\/\/www.europesays.com\/pt\/wp-json\/wp\/v2\/tags?post=93650"}],"curies":[{"name":"wp","href":"https:\/\/api.w.org\/{rel}","templated":true}]}}