{"id":93691,"date":"2025-09-30T21:25:12","date_gmt":"2025-09-30T21:25:12","guid":{"rendered":"https:\/\/www.europesays.com\/pt\/93691\/"},"modified":"2025-09-30T21:25:12","modified_gmt":"2025-09-30T21:25:12","slug":"secret-story-amigas-de-liliana-quebram-o-silencio-nao-estamos-felizes-com-a-postura-dela","status":"publish","type":"post","link":"https:\/\/www.europesays.com\/pt\/93691\/","title":{"rendered":"Secret Story&#8221;. Amigas de Liliana quebram o sil\u00eancio: &#8220;N\u00e3o estamos felizes com a postura dela"},"content":{"rendered":"<p>Marta e Cec\u00edlia, amigas pr\u00f3xima de Liliana, estiveram presentes na \u00faltima gala do &#8220;Secret Story&#8221;, da TVI, e, em conversa com S\u00e9rgio Ferreira, <a href=\"https:\/\/selfie.iol.pt\/famosos\/liliana\/secret-story-nao-consegue-afastar-se-de-fabio-liliana-responde\/20250930\/68db97f8d34ee0c2fed0b1b5\" target=\"_blank\" rel=\"nofollow noopener\">mostraram-se descontes com o rumo da concorrente dentro da casa mais vigiada do Pa\u00eds<\/a>.<\/p>\n<p>&#8220;Foi p\u00e9ssimo v\u00ea-la em l\u00e1grimas, porque, de certa forma, consegui perceber que realmente ela est\u00e1 mal. Mas tamb\u00e9m temos c\u00e1 fora o nosso amigo [Z\u00e9], que est\u00e1 muito mal tamb\u00e9m. Acho que meter-se em caminhos apertados n\u00e3o ser\u00e1 um bom jogo para ela&#8221;, come\u00e7ou por dizer Marta, fazendo refer\u00eancia \u00e0 proximidade da jovem com F\u00e1bio.<\/p>\n<p>&#8220;Somos as melhores amigas, fomos criadas juntas e a Liliana que est\u00e1 dentro da casa n\u00e3o \u00e9 a Liliana c\u00e1 de fora. Estamos c\u00e1 por ela e pelo Z\u00e9, como \u00e9 \u00f3bvio. A m\u00e3e da Liliana \u00e9 minha madrinha. N\u00e3o estamos felizes com a postura da Liliana dentro da casa, como \u00e9 \u00f3bvio&#8221;, disse, por sua vez, Cec\u00edlia.<\/p>\n<p>&#8220;Est\u00e1 a ser uma surpresa. Tenho muitos v\u00eddeos guardados, para ela ver que n\u00e3o teve uma boa presta\u00e7\u00e3o. N\u00e3o est\u00e1 a ser nada f\u00e1cil para a fam\u00edlia e, especialmente, para a irm\u00e3&#8221;, acrescentou a primeira.<\/p>\n<p>Veja, agora, o v\u00eddeo.<\/p>\n","protected":false},"excerpt":{"rendered":"Marta e Cec\u00edlia, amigas pr\u00f3xima de Liliana, estiveram presentes na \u00faltima gala do &#8220;Secret Story&#8221;, da TVI, e,&hellip;\n","protected":false},"author":2,"featured_media":72903,"comment_status":"","ping_status":"","sticky":false,"template":"","format":"standard","meta":{"footnotes":""},"categories":[142],"tags":[23285,114,115,19082,980,19016,619,32,33,1014,1315,1012,151,162,975],"class_list":{"0":"post-93691","1":"post","2":"type-post","3":"status-publish","4":"format-standard","5":"has-post-thumbnail","7":"category-tv","8":"tag-amigas","9":"tag-entertainment","10":"tag-entretenimento","11":"tag-fabio","12":"tag-famosos","13":"tag-liliana","14":"tag-nacional","15":"tag-portugal","16":"tag-pt","17":"tag-reality-show","18":"tag-secret-story","19":"tag-selfie","20":"tag-tv","21":"tag-tvi","22":"tag-ze"},"share_on_mastodon":{"url":"","error":""},"_links":{"self":[{"href":"https:\/\/www.europesays.com\/pt\/wp-json\/wp\/v2\/posts\/93691","targetHints":{"allow":["GET"]}}],"collection":[{"href":"https:\/\/www.europesays.com\/pt\/wp-json\/wp\/v2\/posts"}],"about":[{"href":"https:\/\/www.europesays.com\/pt\/wp-json\/wp\/v2\/types\/post"}],"author":[{"embeddable":true,"href":"https:\/\/www.europesays.com\/pt\/wp-json\/wp\/v2\/users\/2"}],"replies":[{"embeddable":true,"href":"https:\/\/www.europesays.com\/pt\/wp-json\/wp\/v2\/comments?post=93691"}],"version-history":[{"count":0,"href":"https:\/\/www.europesays.com\/pt\/wp-json\/wp\/v2\/posts\/93691\/revisions"}],"wp:featuredmedia":[{"embeddable":true,"href":"https:\/\/www.europesays.com\/pt\/wp-json\/wp\/v2\/media\/72903"}],"wp:attachment":[{"href":"https:\/\/www.europesays.com\/pt\/wp-json\/wp\/v2\/media?parent=93691"}],"wp:term":[{"taxonomy":"category","embeddable":true,"href":"https:\/\/www.europesays.com\/pt\/wp-json\/wp\/v2\/categories?post=93691"},{"taxonomy":"post_tag","embeddable":true,"href":"https:\/\/www.europesays.com\/pt\/wp-json\/wp\/v2\/tags?post=93691"}],"curies":[{"name":"wp","href":"https:\/\/api.w.org\/{rel}","templated":true}]}}