{"id":93692,"date":"2025-09-30T21:26:18","date_gmt":"2025-09-30T21:26:18","guid":{"rendered":"https:\/\/www.europesays.com\/pt\/93692\/"},"modified":"2025-09-30T21:26:18","modified_gmt":"2025-09-30T21:26:18","slug":"perfil-oficial-de-paul-mccartney-posta-foto-em-preto-e-branco-e-assusta-fas-achei-que-tinha-morrido-extra-online","status":"publish","type":"post","link":"https:\/\/www.europesays.com\/pt\/93692\/","title":{"rendered":"Perfil oficial de Paul McCartney posta foto em preto e branco e assusta f\u00e3s: &#039;Achei que tinha morrido&#039; &#8211; Extra online"},"content":{"rendered":"<ol>\n<li><a href=\"https:\/\/news.google.com\/rss\/articles\/CBMi8gFBVV95cUxQdGxpTDIzcFQ4ck5Cd1FISEpsN3M1ZWZIUVQ5d3dIOGp2YzBTZnhicjlWMVZRdXFlRmV4dG53Y3Y0ZjlvMGtyanUzcENuNTB0emczejdXNEFiN2FtQ0RMd0Y1MHoyNTNwSzZLY1NHdHlZcDRnZnBqVnZWYUozYW5sSFJ3RW10RkNybVh0WVh0eldONldFOUNkb0tLbXg0dW1mZlRxSm1va1dhX1lRODF0b0MwZnhMU3BORnoxUXA4ZDhONGpBZDlNWHUxMVg2ZGVQS0tTbWt6bVN3R0VKVEViSG1kN1ktdFdnRzlMdlRjeVRid9IBgAJBVV95cUxOY3NNQk5Oc2Rfajc4Y1dXdHRtVkh5SW9rTFVOWXU5dWRUY0oyWTZnTVl4RGtKZnFzV3JnQVg0Nm8xNGFRV1VLRWxHaGpUbkJYNHZScG5pTFMtREY5QUluZDd1ZUpVaWptYWdQLThMakZuSlJiZGp5VHRTeDZEYU82eXFSS3QtUnRzMjNoY0FiTktDdTk2NDZoZG92S0dDRmY2QkVULUtwMTJjR3E5LXpKMWgzTXZZc2lJSm95QlE4VmU1cXVxLVQ5REFPYnY0S3Q2bldIcUh1cmtKa2ZWM29mVGhoSDFOV19ELVFWS3NiZk5ST1dhZDJSX1JHTVpnakow?oc=5\" target=\"_blank\" rel=\"nofollow noopener\">Perfil oficial de Paul McCartney posta foto em preto e branco e assusta f\u00e3s: &#8216;Achei que tinha morrido&#8217;<\/a>&nbsp;&nbsp;Extra online<\/li>\n<li><a href=\"https:\/\/news.google.com\/rss\/articles\/CBMipgFBVV95cUxQamgwZXY1UjdXVGw3UVctN2M3a2RfXzZSMFNMSzlzMUl6OUh0X29WZU1MZTNuTHl1Nk51VkQ5dG5kV1V4a0t1VTdHT2RqcUNMbGhFbTZtbG1mUmkycHpIYk9aVHBIZElJc1Q5bmQybEJqOF9DVlhCYjRtSjNmeElmSG1nQ3hCMV9BU0twM0YxQklTdGYxdGJEYUd2Q0tqdGdSTDZScW9B?oc=5\" target=\"_blank\" rel=\"nofollow noopener\">Retorno foi finalmente oficializado: f\u00e3s dos Beatles foram \u00e0 loucura<\/a>&nbsp;&nbsp;TNH1<\/li>\n<li><a href=\"https:\/\/news.google.com\/rss\/articles\/CBMirAFBVV95cUxQTXY3UDhEcjNheEhOdi1XLUhRN0lscC1FOFZES2ZDeEdkTnd4QmZsWTFKcTJrNWZTSzBUcVVyTnhvdVRIVzgyQl93dzhidWRVc2xZQ2NqbGVkeGFlT1ZFVWdtLTVPVlBJV0ZqNHkwQm5KMl9SZXRKY0ZEYm9NYW9yMmpYajYtR0tDcmZkdUhQRnlUdlNxT3MwalNkTGM1RE84T2tkbGNKUV93N2RE?oc=5\" target=\"_blank\" rel=\"nofollow noopener\">Ap\u00f3s seis d\u00e9cadas, f\u00e3s dos Beatles finalmente podem comemorar retorno \u00e9pico<\/a>&nbsp;&nbsp;crusoe.com.br<\/li>\n<li><a href=\"https:\/\/news.google.com\/rss\/articles\/CBMi6AFBVV95cUxQS0VjcEF5SEpwbjhReVU3bGhMamlsUWlRQTBtbFB5YkdGcmpKRHJvRi1pdnU5UmY1cGppekFzbHZDdUxwQ3E0VDhJdUlJT21ySTJsZjc2YjQ1VHZ5YWJTM05xZUd6ZnRqRVBFdG0zZWhBZUFIX0xGY3kwMUNHY1pqdVU5V2JKUXJiUEtLNVRtNWlJbThkU1hpVGJZRzBsLUlQVjNxMC0zSzhoeWhLbkdqR01mM3dWdGRKUUhhN2hWVDJGa2dZOU5HNW0xLU5SYi1WdHJVX1NlSlNiclkxSWpwWkxvMlU2LUtQ0gHoAUFVX3lxTE44dUJEYVk0NFVYc3g1Q0liR1JxRVdXbHNXTDV3TnlIc3A1WjZjY0UyR3Y2SUpZcnNyZXhiWGZfZ3lHLXdwbWNXOXozbWtpaUxvelBfbEFUZ3phLTdXSHdzdW5BOXg4ZEswaTAxY2hvT0w3YURjenJKZGdMbWlKeG9sM3NSMTViYlpEUDNZU0F2aUlZWkI2TC04UWl3bDBWZzBTM0tmUzFqQTduX1Q3NXdHLXdKUmM0VEZWWE55SmhXNkRQR0NxMkZJSzlxNXNmcTMtaHpqMlJ3dUxVSllfN1dZR3FKZ0RkV2I?oc=5\" target=\"_blank\" rel=\"nofollow noopener\">Paul McCartney presta homenagem a John Lennon e toca &#8216;Help&#8217;<\/a>&nbsp;&nbsp;Portal Uai<\/li>\n<li><a href=\"https:\/\/news.google.com\/rss\/articles\/CBMiugFBVV95cUxPWVNzTmpfazV4NFZPa3BZZHo5VmZaRVNFNTVLMmJ1R1ZlVFlsMUZoaERVbnV2bWVFRmFGZDVmTEEtX1FlTnBqQkI0enEwNWxuYUxjaEYyVDJ4RUZBamp4cW9iZDNiSVB1cjl3b0FZNVgyRjZwNVp1RlVRMUEyQWprQ0o5OGw5RjhwaVExRzFIN1NTLXBPUjZGZ205YkV0Qm4xbHRtZ0hxT0Q3VDA1RWlvcWV0QTNFQ3l2T0HSAb8BQVVfeXFMTzR4Smd1QjcxSDdHY0NsOFdZTVNpV0RWb2dlUDl4aVlPVzE1T1plZ0l2dG9mUkxGaDNDeEUtSEtCZGdSNFFRSGxPSTNldXpKV1RWbGV6aHR1Z0dvRW84MlNpMXRNaUJ6TXllWjRVY0dUbGFpNXI3YllGZ3RpNWZWNU9wXzlFVGtkWVhSc0VJVGROX05Uc3dPX0dFTVpidXh1bGN0MlNBR1FUT2VJcHJNYWJod0dQWTdkQlZoVnFuaU0?oc=5\" target=\"_blank\" rel=\"nofollow noopener\">Perfil oficial de Paul McCartney posta foto em preto e branco e assusta f\u00e3s<\/a>&nbsp;&nbsp;Alagoas 24 Horas<\/li>\n<\/ol>\n","protected":false},"excerpt":{"rendered":"Perfil oficial de Paul McCartney posta foto em preto e branco e assusta f\u00e3s: &#8216;Achei que tinha morrido&#8217;&nbsp;&nbsp;Extra&hellip;\n","protected":false},"author":2,"featured_media":93693,"comment_status":"","ping_status":"","sticky":false,"template":"","format":"standard","meta":{"footnotes":""},"categories":[141],"tags":[114,115,149,150,32,33],"class_list":{"0":"post-93692","1":"post","2":"type-post","3":"status-publish","4":"format-standard","5":"has-post-thumbnail","7":"category-musica","8":"tag-entertainment","9":"tag-entretenimento","10":"tag-music","11":"tag-musica","12":"tag-portugal","13":"tag-pt"},"share_on_mastodon":{"url":"","error":""},"_links":{"self":[{"href":"https:\/\/www.europesays.com\/pt\/wp-json\/wp\/v2\/posts\/93692","targetHints":{"allow":["GET"]}}],"collection":[{"href":"https:\/\/www.europesays.com\/pt\/wp-json\/wp\/v2\/posts"}],"about":[{"href":"https:\/\/www.europesays.com\/pt\/wp-json\/wp\/v2\/types\/post"}],"author":[{"embeddable":true,"href":"https:\/\/www.europesays.com\/pt\/wp-json\/wp\/v2\/users\/2"}],"replies":[{"embeddable":true,"href":"https:\/\/www.europesays.com\/pt\/wp-json\/wp\/v2\/comments?post=93692"}],"version-history":[{"count":0,"href":"https:\/\/www.europesays.com\/pt\/wp-json\/wp\/v2\/posts\/93692\/revisions"}],"wp:featuredmedia":[{"embeddable":true,"href":"https:\/\/www.europesays.com\/pt\/wp-json\/wp\/v2\/media\/93693"}],"wp:attachment":[{"href":"https:\/\/www.europesays.com\/pt\/wp-json\/wp\/v2\/media?parent=93692"}],"wp:term":[{"taxonomy":"category","embeddable":true,"href":"https:\/\/www.europesays.com\/pt\/wp-json\/wp\/v2\/categories?post=93692"},{"taxonomy":"post_tag","embeddable":true,"href":"https:\/\/www.europesays.com\/pt\/wp-json\/wp\/v2\/tags?post=93692"}],"curies":[{"name":"wp","href":"https:\/\/api.w.org\/{rel}","templated":true}]}}