{"id":93718,"date":"2025-09-30T22:02:16","date_gmt":"2025-09-30T22:02:16","guid":{"rendered":"https:\/\/www.europesays.com\/pt\/93718\/"},"modified":"2025-09-30T22:02:16","modified_gmt":"2025-09-30T22:02:16","slug":"premio-sao-paulo-de-literatura-tem-finalistas-de-12-selos-editoriais","status":"publish","type":"post","link":"https:\/\/www.europesays.com\/pt\/93718\/","title":{"rendered":"Pr\u00eamio S\u00e3o Paulo de Literatura tem finalistas de 12 selos editoriais"},"content":{"rendered":"<p>Cerim\u00f4nia de premia\u00e7\u00e3o ser\u00e1 no dia 24 de novembro; nesta edi\u00e7\u00e3o, concorreram 323 obras<\/p>\n<p><img loading=\"lazy\" decoding=\"async\" src=\"https:\/\/www.europesays.com\/pt\/wp-content\/uploads\/2025\/09\/KdgQgAGRCKZfmkMo5E5lV0ptjNmcLMxyzlZoD4pUYpoEZXGt4YlEcK7wRDOPVQ6yCQkS9Mb7jgWMPnSA.png\" width=\"311\" height=\"222\" \/>O <a href=\"https:\/\/www.publishnews.com.br\/etiquetas\/premio-sao-paulo-de-literatura\" target=\"_blank\" rel=\"nofollow noopener\">Pr\u00eamio S\u00e3o Paulo de Literatura<\/a><strong> <\/strong>divulgou nesta ter\u00e7a-feira (30) a lista de dez finalistas em suas duas categorias, melhor romance e melhor romance de estreia. Entre os 20 indicados nas duas categorias, mais da metade s\u00e3o mulheres. Em 2024, as autoras <strong>Luciany Aparecida<\/strong> e <strong>Eliane Marques<\/strong> <a href=\"https:\/\/www.publishnews.com.br\/materias\/2024\/11\/12\/luciany-aparecida-e-eliane-marques-vencem-o-premio-sao-paulo-de-literatura-2024\" target=\"_blank\" rel=\"nofollow noopener\">foram as vencedoras<\/a> com os livros Mata doce (Alfaguara) e Lou\u00e7as de fam\u00edlia (Editora Aut\u00eantica Contempor\u00e2nea). A cerim\u00f4nia de premia\u00e7\u00e3o ser\u00e1 no dia 24 de novembro, na Biblioteca do Parque Vila-Lobos (Av. Queiroz Filho, 1205 \u2014 S\u00e3o Paulo \/ SP). No total, as obras finalistas foram publicadas por doze selos editoriais: Editora 34, Aboio, Alfaguara, Aut\u00eantica Contempor\u00e2nea, Bazar do Tempo, Companhia das Letras, F\u00f3sforo, Maralto, Patu\u00e1, Record, Reformat\u00f3rio e Todavia. A lista de indicados tem dom\u00ednio do <strong>Grupo Companhia das Letras<\/strong>, que soma sete indica\u00e7\u00f5es; seguida pela <strong>Todavia<\/strong>, com tr\u00eas livros entre os selecionados. <\/p>\n<p>Entre os finalistas, h\u00e1 autores de oito Estados: S\u00e3o Paulo (8), Rio de Janeiro (4), Pernambuco (2), Minas Gerais (2), Rio Grande do Sul (2), Cear\u00e1 (1) e Paran\u00e1 (1). Treze dos selecionados s\u00e3o mulheres.<\/p>\n<p>Reconhecido como um dos mais relevantes pr\u00eamios da literatura brasileira contempor\u00e2nea, o concurso contempla obras publicadas em 2024, divididas em duas categorias: \u201cMelhor Romance\u201d e \u201cMelhor Romance de Estreia\u201d. Cada vencedor receber\u00e1 R$ 200 mil \u2014 valor que consolida o Pr\u00eamio S\u00e3o Paulo como o maior do Brasil em premia\u00e7\u00e3o individual no g\u00eanero.<\/p>\n<p><img decoding=\"async\" src=\"https:\/\/www.europesays.com\/pt\/wp-content\/uploads\/2025\/09\/MqVs3rerBO4CBV4KNwkcQ7UpF0mUjkgNefygvSY14jKu9hLlXdPZ5MC4fTpuGQ6wGtkibEpJGXOJPknM.jpg\" alt=\"Luciany Aparecida e Eliane Marques \" title=\"Luciany Aparecida e Eliane Marques \" \/><\/p>\n<p>Luciany Aparecida e Eliane Marques <\/p>\n<p><strong><\/strong>\u201cO Pr\u00eamio S\u00e3o Paulo de Literatura reafirma nosso compromisso com a valoriza\u00e7\u00e3o da literatura brasileira contempor\u00e2nea. Desde sua cria\u00e7\u00e3o, ele tem impulsionado novos talentos, fortalecido o mercado editorial e ampliado o di\u00e1logo entre autores e leitores, dentro e fora do pa\u00eds. \u00c9 uma iniciativa que n\u00e3o apenas celebra a qualidade liter\u00e1ria, mas tamb\u00e9m amplia o acesso e a forma\u00e7\u00e3o de p\u00fablicos para a leitura\u201d, destaca Marilia Marton, secret\u00e1ria da Cultura, Economia e Ind\u00fastria Criativas do Estado de S\u00e3o Paulo.<\/p>\n<p><strong>A edi\u00e7\u00e3o conta com escala\u00e7\u00e3o de autoras que j\u00e1 foram laureados em outras ocasi\u00f5es:<br \/>\n<\/strong><\/p>\n<ul>\n<li>Mariana Salom\u00e3o Carrara, vencedora em 2023 com o romance N\u00e3o fossem as s\u00edlabas do s\u00e1bado (Todavia)\n<\/li>\n<\/ul>\n<ul>\n<li>Beatriz Bracher, ganhadora em 2016 com Anatomia do para\u00edso (Editora 34)<\/li>\n<\/ul>\n<ul>\n<li>Em 2021, a ent\u00e3o estreante Morgana Kretzmann era reconhecida com Ao p\u00f3 (Patu\u00e1)\n<\/li>\n<\/ul>\n<ul>\n<li>Ver\u00f4nica Stigger, em 2014, era a autora estreante com mais de 40 anos premiada com Opisanie Swiata (Cosac Naify)<\/li>\n<\/ul>\n<p>Nesta edi\u00e7\u00e3o, concorreram 323 obras, sendo 158 para a categoria \u201cMelhor Romance do Ano\u201d e 165 para \u201cMelhor Romance de Estreia\u201d. Os livros foram avaliados por um j\u00fari composto por Antonio Carlos Sartini, Chris Ritchie, Diana Navas, Guilherme Sobota, Marcelo Ariel, Andressa Veronesi, Elaine Cristina Prado dos Santos, Felipe Franco Munhoz, Roberta Ferraz e Rog\u00e9rio Pereira. A avalia\u00e7\u00e3o final ficar\u00e1 a cargo do corpo de curadores do pr\u00eamio: Janaina Soggia, Jos\u00e9 Luiz Tahan, Jurandy Valen\u00e7a, Sandra Espilotro e Ubiratan Brasil.<\/p>\n<p><strong>Melhor Romance do Ano de 2024<\/strong><\/p>\n<ul>\n<li>Os grandes carn\u00edvoros (Alfaguara), de Adriana Lisboa<\/li>\n<li>No muro da nossa casa (Bazar do Tempo), de Ana Kiffer<\/li>\n<li>Guerra I \u2013 Ofensiva paraguaia e rea\u00e7\u00e3o aliada novembro de 1864 a mar\u00e7o de 1866 (Editora 34), de Beatriz Bracher<\/li>\n<li>Vento vazio (Companhia das Letras), de Marcela Dant\u00e9s<\/li>\n<li>Escalavra (Record), de Marcelino Freire<\/li>\n<li>A \u00e1rvore mais sozinha do mundo (Todavia), de Mariana Salom\u00e3o Carrara<\/li>\n<li>Casa de fam\u00edlia (Companhia das Letras), de Paula F\u00e1brio<\/li>\n<li>Rio sangue (Alfaguara), de Ronaldo Correia de Brito<\/li>\n<li>Ressuscitar mamutes (Aut\u00eantica Contempor\u00e2nea), de Silvana Tavano<\/li>\n<li>Krakatoa (Todavia), de Veronica Stigger<\/li>\n<\/ul>\n<p>Melhor Romance de Estreia do Ano de 2024 <\/p>\n<ul>\n<li>Neca (Companhia das Letras), de Amara Moira<\/li>\n<li>Lia (Companhia das Letras), de Caetano W. Galindo<\/li>\n<li>Avenida Beberibe (F\u00f3sforo), de Claudia Cavalcanti<\/li>\n<li>O embranquecimento (Patu\u00e1), de Evandro Cruz Silva<\/li>\n<li>Fora da rota (Todavia), de Evelyn Blaut<\/li>\n<li>O que resta a partir daqui (Aboio), de Fl\u00e1via Braz<\/li>\n<li>A uni\u00e3o das Coreias (Reformat\u00f3rio), de Luiz Gustavo Medeiros<\/li>\n<li>O \u00faltimo dos copistas (Companhia das Letras), de Marc\u00edlio Fran\u00e7a Castro<\/li>\n<li>A inf\u00e2ncia de Joana (Maralto Edi\u00e7\u00f5es), de Mariana Ianelli<\/li>\n<li>As fronteiras de Oline (Patu\u00e1), de Rafael Zoehler<\/li>\n<\/ul>\n","protected":false},"excerpt":{"rendered":"Cerim\u00f4nia de premia\u00e7\u00e3o ser\u00e1 no dia 24 de novembro; nesta edi\u00e7\u00e3o, concorreram 323 obras O Pr\u00eamio S\u00e3o Paulo&hellip;\n","protected":false},"author":2,"featured_media":93719,"comment_status":"","ping_status":"","sticky":false,"template":"","format":"standard","meta":{"footnotes":""},"categories":[143],"tags":[868,877,867,169,869,872,873,880,114,115,874,870,875,878,879,864,876,237,871,170,865,866,13,32,33],"class_list":{"0":"post-93718","1":"post","2":"type-post","3":"status-publish","4":"format-standard","5":"has-post-thumbnail","7":"category-livros","8":"tag-best-seller","9":"tag-biblioteca","10":"tag-bienal-do-livro","11":"tag-books","12":"tag-clipping","13":"tag-e-book","14":"tag-ebook","15":"tag-editora","16":"tag-entertainment","17":"tag-entretenimento","18":"tag-escritor","19":"tag-eventos","20":"tag-festival-literario","21":"tag-lancamentos","22":"tag-leitura","23":"tag-literatura","24":"tag-livraria","25":"tag-livro","26":"tag-livro-digital","27":"tag-livros","28":"tag-mercado-editorial","29":"tag-mercado-livreiro","30":"tag-noticias","31":"tag-portugal","32":"tag-pt"},"share_on_mastodon":{"url":"","error":""},"_links":{"self":[{"href":"https:\/\/www.europesays.com\/pt\/wp-json\/wp\/v2\/posts\/93718","targetHints":{"allow":["GET"]}}],"collection":[{"href":"https:\/\/www.europesays.com\/pt\/wp-json\/wp\/v2\/posts"}],"about":[{"href":"https:\/\/www.europesays.com\/pt\/wp-json\/wp\/v2\/types\/post"}],"author":[{"embeddable":true,"href":"https:\/\/www.europesays.com\/pt\/wp-json\/wp\/v2\/users\/2"}],"replies":[{"embeddable":true,"href":"https:\/\/www.europesays.com\/pt\/wp-json\/wp\/v2\/comments?post=93718"}],"version-history":[{"count":0,"href":"https:\/\/www.europesays.com\/pt\/wp-json\/wp\/v2\/posts\/93718\/revisions"}],"wp:featuredmedia":[{"embeddable":true,"href":"https:\/\/www.europesays.com\/pt\/wp-json\/wp\/v2\/media\/93719"}],"wp:attachment":[{"href":"https:\/\/www.europesays.com\/pt\/wp-json\/wp\/v2\/media?parent=93718"}],"wp:term":[{"taxonomy":"category","embeddable":true,"href":"https:\/\/www.europesays.com\/pt\/wp-json\/wp\/v2\/categories?post=93718"},{"taxonomy":"post_tag","embeddable":true,"href":"https:\/\/www.europesays.com\/pt\/wp-json\/wp\/v2\/tags?post=93718"}],"curies":[{"name":"wp","href":"https:\/\/api.w.org\/{rel}","templated":true}]}}